{"id":23444,"date":"2026-02-24T09:18:14","date_gmt":"2026-02-24T13:18:14","guid":{"rendered":"https:\/\/cliniqueomicron.ca\/?p=23444"},"modified":"2026-08-29T12:49:39","modified_gmt":"2026-08-29T16:49:39","slug":"blog-vaccine-quebec-children-respiratory-viruses-vrs","status":"publish","type":"post","link":"https:\/\/cliniqueomicron.ca\/en\/blogue-vaccin-quebecois-enfants-virus-respiratoires-vrs\/","title":{"rendered":"A Quebec vaccine could soon protect your children against 3 respiratory viruses"},"content":{"rendered":"<aside style=\"margin: 24px 0;padding: 18px 0 16px;border-top: 1px solid #d4d8de;border-bottom: 1px solid #d4d8de;font-family: -apple-system,BlinkMacSystemFont,Segoe UI,Roboto,sans-serif;color: #323c52\" role=\"region\" aria-label=\"Capsule audio de l&apos;article\">\r\n<div style=\"display: flex;align-items: baseline;justify-content: space-between;gap: 12px;margin-bottom: 10px\"><span style=\"font-size: 10.5px;font-weight: bold;letter-spacing: 2.2px;text-transform: uppercase;color: #6a7488\">Listen to this article<\/span> <span style=\"font-size: 11.5px;color: #8a93a5\">3 min 16<\/span><\/div>\r\n<div style=\"margin: 0 0 8px\"><audio style=\"width: 100%;height: 36px;display: block\" preload=\"metadata\" controls=\"controls\">\r\n<source src=\"https:\/\/audio.cliniqueomicron.ca\/play\/16-vaccin-trivalent-vrs-FINAL.mp3\" type=\"audio\/mpeg\" \/>\r\n\r\nVotre navigateur ne prend pas en charge l&#8217;\u00e9l\u00e9ment audio.<\/audio><\/div>\r\n<div style=\"font-size: 11px;color: #8a93a5;font-style: italic;letter-spacing: 0.3px\">Also available on YouTube \u00b7 Spotify \u00b7 Apple Podcasts<\/div>\r\n<\/aside>\r\n<script type=\"application\/ld+json\">{\n    \"@context\": \"https:\\\/\\\/schema.org\",\n    \"@type\": \"AudioObject\",\n    \"name\": \"Un vaccin qu\\u00e9b\\u00e9cois pourrait bient\\u00f4t prot\\u00e9ger vos enfants contre 3 virus respiratoires\",\n    \"contentUrl\": \"https:\\\/\\\/audio.cliniqueomicron.ca\\\/play\\\/16-vaccin-trivalent-vrs-FINAL.mp3\",\n    \"encodingFormat\": \"audio\\\/mpeg\",\n    \"duration\": \"PT3M16S\",\n    \"creator\": {\n        \"@type\": \"Person\",\n        \"name\": \"Genevi\\u00e8ve Dostie\",\n        \"jobTitle\": \"R\\u00e9dactrice sant\\u00e9\"\n    },\n    \"publisher\": {\n        \"@type\": \"MedicalOrganization\",\n        \"name\": \"Clinique Omicron\"\n    },\n    \"inLanguage\": \"fr-CA\"\n}<\/script>\r\n\r\n<p class=\"wp-block-paragraph\" style=\"text-align: left\">Chaque hiver, des milliers de parents qu\u00e9b\u00e9cois se retrouvent aux urgences avec un b\u00e9b\u00e9 qui respire mal, une toux persistante ou une fi\u00e8vre qui dure. Un <strong>vaccin contre les virus respiratoires chez l&#8217;enfant<\/strong>, en d\u00e9veloppement \u00e0 l&#8217;Universit\u00e9 Laval, vient de franchir une \u00e9tape importante : il pourrait prot\u00e9ger les tout-petits de 6 mois \u00e0 5 ans contre le VRS, le m\u00e9tapneumovirus humain et la grippe en une seule immunisation. Voici ce que r\u00e9v\u00e8le cette avanc\u00e9e, ce qu&#8217;elle change \u2014 et ce qu&#8217;elle ne change pas encore \u2014 pour les familles.<\/p>\r\n\r\n\r\n\r\n<h3 class=\"wp-block-heading\" style=\"text-align: left\">On this page<\/h3>\r\n\r\n\r\n\r\n<ul class=\"wp-block-list\" style=\"text-align: left\">\r\n<li><a href=\"#exceptionnel\">What makes this discovery exceptional<\/a><\/li>\r\n<li><a href=\"#trivalent\">A trivalent vaccine administered through the nose<\/a><\/li>\r\n<li><a href=\"#chiffres\">Des chiffres qui donnent la mesure de l&#8217;enjeu<\/a><\/li>\r\n<li><a href=\"#cible\">\u00c0 qui s&#8217;adresserait ce vaccin<\/a><\/li>\r\n<li><a href=\"#familles\">Ce que \u00e7a signifie pour les familles<\/a><\/li>\r\n<li><a href=\"#prevention\">Les gestes pr\u00e9ventifs en attendant<\/a><\/li>\r\n<li><a href=\"#mythes\">Myths and misconceptions<\/a><\/li>\r\n<li><a href=\"#faq\">Frequently asked questions<\/a><\/li>\r\n<\/ul>\r\n\r\n\r\n\r\n<h3 class=\"wp-block-heading\" id=\"exceptionnel\" style=\"text-align: left\">What makes this discovery exceptional<\/h3>\r\n\r\n\r\n\r\n<p class=\"wp-block-paragraph\" style=\"text-align: left\">Le virus respiratoire syncytial (<em>VRS<\/em>), le m\u00e9tapneumovirus humain et la grippe sont responsables de la grande majorit\u00e9 des bronchiolites et pneumonies chez les tout-petits. Or, jusqu&#8217;\u00e0 pr\u00e9sent, il n&#8217;existe aucun vaccin approuv\u00e9 contre le VRS ou le m\u00e9tapneumovirus pour les jeunes enfants. Des vaccins contre le VRS existent pour les personnes \u00e2g\u00e9es, mais pas pour les b\u00e9b\u00e9s \u2014 pourtant la tranche d&#8217;\u00e2ge la plus vuln\u00e9rable.<\/p>\r\n\r\n\r\n\r\n<p class=\"wp-block-paragraph\" style=\"text-align: left\">Le docteur Guy Boivin, m\u00e9decin clinicien enseignant \u00e0 la Facult\u00e9 de m\u00e9decine de l&#8217;Universit\u00e9 Laval et chercheur au Centre de recherche du CHU de Qu\u00e9bec \u2013 Universit\u00e9 Laval, dirige cette \u00e9quipe. Il rappelle que la protection actuelle des nourrissons repose sur l&#8217;administration d&#8217;anticorps pr\u00e9ventifs, dont l&#8217;effet ne dure que six mois au maximum. L&#8217;objectif est de d\u00e9velopper un vrai vaccin, durable, qui \u00e9viterait d&#8217;y revenir chaque ann\u00e9e.<\/p>\r\n\r\n\r\n\r\n<h3 class=\"wp-block-heading\" id=\"trivalent\" style=\"text-align: left\">A trivalent vaccine administered through the nose<\/h3>\r\n\r\n\r\n\r\n<p class=\"wp-block-paragraph\" style=\"text-align: left\">Ce qui distingue ce candidat vaccin, c&#8217;est aussi son <em>mode d&#8217;administration<\/em> : par le nez, sans aiguille. Moins stressant pour les enfants et les parents, ce proc\u00e9d\u00e9 permettrait surtout de cr\u00e9er une immunit\u00e9 directement dans les voies nasales, l\u00e0 o\u00f9 les virus p\u00e9n\u00e8trent dans le corps.<\/p>\r\n\r\n\r\n\r\n<p class=\"wp-block-paragraph\" style=\"text-align: left\">Le docteur Boivin compare cette protection \u00e0 une barri\u00e8re \u00e0 l&#8217;entr\u00e9e du virus : une fois la vaccination faite, les virus ne parviendraient plus \u00e0 p\u00e9n\u00e9trer ad\u00e9quatement par le nez. Le vaccin repose sur une souche att\u00e9nu\u00e9e du m\u00e9tapneumovirus humain, \u00e0 laquelle ont \u00e9t\u00e9 ajout\u00e9es les prot\u00e9ines de surface du VRS et d&#8217;un troisi\u00e8me virus respiratoire.<\/p>\r\n\r\n\r\n\r\n<h4 class=\"wp-block-heading\" style=\"text-align: left\">Des r\u00e9sultats pr\u00e9cliniques concluants<\/h4>\r\n\r\n\r\n\r\n<ul class=\"wp-block-list\" style=\"text-align: left\">\r\n<li>Lors des tests sur les animaux, aucun virus n&#8217;a \u00e9t\u00e9 d\u00e9tect\u00e9 dans les poumons apr\u00e8s immunisation.<\/li>\r\n<li>Cette protection a tenu m\u00eame apr\u00e8s une exposition importante aux agents pathog\u00e8nes.<\/li>\r\n<li>Une \u00e9tude ind\u00e9pendante des Instituts nationaux de la sant\u00e9 des \u00c9tats-Unis est arriv\u00e9e aux m\u00eames r\u00e9sultats.<\/li>\r\n<li>Cette validation externe est un signal encourageant pour la suite du d\u00e9veloppement.<\/li>\r\n<\/ul>\r\n\r\n\r\n\r\n<h4 class=\"wp-block-heading\" style=\"text-align: left\">To remember<\/h4>\r\n\r\n\r\n\r\n<ul class=\"wp-block-list\" style=\"text-align: left\">\r\n<li>Aucun vaccin n&#8217;est encore approuv\u00e9 contre le VRS ou le m\u00e9tapneumovirus chez les jeunes enfants.<\/li>\r\n<li>La protection actuelle par anticorps ne dure que quelques mois.<\/li>\r\n<li>Le candidat vaccin vise une protection contre trois virus \u00e0 la fois.<\/li>\r\n<li>Il s&#8217;administrerait par le nez, sans aiguille.<\/li>\r\n<li>Les r\u00e9sultats pr\u00e9cliniques sont jug\u00e9s tr\u00e8s concluants.<\/li>\r\n<li>Une \u00e9quipe am\u00e9ricaine ind\u00e9pendante a confirm\u00e9 les observations.<\/li>\r\n<\/ul>\r\n\r\n\r\n\r\n<h3 class=\"wp-block-heading\" id=\"chiffres\" style=\"text-align: left\">Des chiffres qui donnent la mesure de l&#8217;enjeu<\/h3>\r\n\r\n\r\n\r\n<p class=\"wp-block-paragraph\" style=\"text-align: left\">Les chercheurs avancent des <em>chiffres<\/em> qui illustrent la port\u00e9e potentielle de cette d\u00e9couverte \u00e0 l&#8217;\u00e9chelle mondiale.<\/p>\r\n\r\n\r\n\r\n<figure class=\"wp-block-table\">\r\n<table>\r\n<thead>\r\n<tr>\r\n<th>Indicateur (selon les chercheurs)<\/th>\r\n<th>Couverture estim\u00e9e<\/th>\r\n<\/tr>\r\n<\/thead>\r\n<tbody>\r\n<tr>\r\n<td>Causes de bronchiolite couvertes<\/td>\r\n<td>Environ 95 %<\/td>\r\n<\/tr>\r\n<tr>\r\n<td>Causes de mortalit\u00e9 li\u00e9e \u00e0 la pneumonie chez les jeunes enfants<\/td>\r\n<td>Plus de 80 %<\/td>\r\n<\/tr>\r\n<\/tbody>\r\n<\/table>\r\n<\/figure>\r\n\r\n\r\n\r\n<p class=\"wp-block-paragraph\" style=\"text-align: left\">Les conclusions de l&#8217;\u00e9tude ont \u00e9t\u00e9 publi\u00e9es dans la revue scientifique <em>npj vaccines<\/em>, une publication reconnue dans le domaine de la vaccinologie. Ces donn\u00e9es restent issues de la recherche pr\u00e9clinique et devront \u00eatre confirm\u00e9es chez l&#8217;humain.<\/p>\r\n\r\n\r\n\r\n<h3 class=\"wp-block-heading\" id=\"cible\" style=\"text-align: left\">\u00c0 qui s&#8217;adresserait ce vaccin<\/h3>\r\n\r\n\r\n\r\n<p class=\"wp-block-paragraph\" style=\"text-align: left\">L&#8217;\u00e9quipe cible principalement les enfants de 6 mois \u00e0 5 ans, mais souhaite aussi \u00e9valuer l&#8217;efficacit\u00e9 du vaccin chez d&#8217;autres <em>groupes \u00e0 risque<\/em>.<\/p>\r\n\r\n\r\n\r\n<ul class=\"wp-block-list\" style=\"text-align: left\">\r\n<li>Cible principale : les enfants de 6 mois \u00e0 5 ans.<\/li>\r\n<li>Pistes \u00e0 l&#8217;\u00e9tude : jeunes adultes immunod\u00e9prim\u00e9s et personnes \u00e2g\u00e9es.<\/li>\r\n<li>Contre-indications anticip\u00e9es : femmes enceintes et personnes immunosupprim\u00e9es, car le vaccin est compos\u00e9 d&#8217;un virus att\u00e9nu\u00e9.<\/li>\r\n<\/ul>\r\n\r\n\r\n\r\n<p class=\"wp-block-paragraph\" style=\"text-align: left\">Ces indications et contre-indications restent provisoires : elles devront \u00eatre pr\u00e9cis\u00e9es au fil des essais cliniques et de l&#8217;\u00e9valuation r\u00e9glementaire.<\/p>\r\n\r\n\r\n\r\n<h3 class=\"wp-block-heading\" id=\"familles\" style=\"text-align: left\">Ce que \u00e7a signifie pour les familles<\/h3>\r\n\r\n\r\n\r\n<p class=\"wp-block-paragraph\" style=\"text-align: left\">Il faut temp\u00e9rer l&#8217;<em>enthousiasme<\/em> par une pr\u00e9cision essentielle : ce vaccin n&#8217;est pas encore disponible. Il demeure en phase de d\u00e9veloppement et devra passer par des essais cliniques chez l&#8217;humain avant toute approbation, ce qui pourrait prendre plusieurs ann\u00e9es.<\/p>\r\n\r\n\r\n\r\n<p class=\"wp-block-paragraph\" style=\"text-align: left\">Cela dit, il s&#8217;agit d&#8217;une avanc\u00e9e scientifique majeure, issue du Qu\u00e9bec, qui laisse entrevoir un futur o\u00f9 les hivers seraient moins synonymes d&#8217;urgences p\u00e9diatriques bond\u00e9es. En attendant, la pr\u00e9vention quotidienne reste le meilleur levier \u00e0 la port\u00e9e des familles.<\/p>\r\n\r\n\r\n\r\n<h4 class=\"wp-block-heading\" style=\"text-align: left\">To remember<\/h4>\r\n\r\n\r\n\r\n<ul class=\"wp-block-list\" style=\"text-align: left\">\r\n<li>Le vaccin pourrait couvrir une large part des bronchiolites et pneumonies graves.<\/li>\r\n<li>Les r\u00e9sultats ont \u00e9t\u00e9 publi\u00e9s dans une revue scientifique reconnue.<\/li>\r\n<li>La cible premi\u00e8re est l&#8217;enfant de 6 mois \u00e0 5 ans.<\/li>\r\n<li>D&#8217;autres groupes \u00e0 risque pourraient \u00eatre \u00e9valu\u00e9s.<\/li>\r\n<li>Le vaccin n&#8217;est pas recommand\u00e9 pour certaines personnes en raison du virus att\u00e9nu\u00e9.<\/li>\r\n<li>Il n&#8217;est pas encore disponible : les essais chez l&#8217;humain restent \u00e0 venir.<\/li>\r\n<\/ul>\r\n\r\n\r\n\r\n<p class=\"wp-block-paragraph\" style=\"text-align: left\"><strong>Des sympt\u00f4mes respiratoires inqui\u00e8tent chez votre enfant? N&#8217;attendez pas. Prenez un <a href=\"https:\/\/cliniqueomicron.ca\/rendez-vous\/\/\">appointment<\/a>, optez pour une <a href=\"https:\/\/cliniqueomicron.ca\/consultation-en-ligne\/\/\/\">online consultation<\/a> partout au Qu\u00e9bec, ou explorez nos <a href=\"https:\/\/cliniqueomicron.ca\/services\/\">services<\/a>. Les organisations qui souhaitent soutenir la sant\u00e9 de leurs \u00e9quipes et de leurs familles peuvent consulter nos solutions <a href=\"https:\/\/cliniqueomicron.ca\/pour-entreprises\/\">for companies<\/a>.<\/strong><\/p>\r\n\r\n\r\n\r\n<h3 class=\"wp-block-heading\" id=\"prevention\" style=\"text-align: left\">Les gestes pr\u00e9ventifs en attendant<\/h3>\r\n\r\n\r\n\r\n<p class=\"wp-block-paragraph\" style=\"text-align: left\">Tant que ce vaccin n&#8217;est pas disponible, les <em>gestes de pr\u00e9vention<\/em> demeurent essentiels pour limiter la transmission des virus respiratoires chez les tout-petits.<\/p>\r\n\r\n\r\n\r\n<ul class=\"wp-block-list\" style=\"text-align: left\">\r\n<li>Lavage des mains fr\u00e9quent et rigoureux.<\/li>\r\n<li>\u00c9viter les rassemblements en p\u00e9riode d&#8217;\u00e9closion.<\/li>\r\n<li>Surveiller les sympt\u00f4mes respiratoires chez les jeunes enfants.<\/li>\r\n<li>Consulter rapidement si la respiration devient difficile.<\/li>\r\n<\/ul>\r\n\r\n\r\n\r\n<p class=\"wp-block-paragraph\" style=\"text-align: left\">Pour les vaccins d\u00e9j\u00e0 disponibles et recommand\u00e9s selon l&#8217;\u00e2ge, un professionnel de sant\u00e9 peut vous orienter en fonction du profil de votre enfant et du calendrier d&#8217;immunisation en vigueur.<\/p>\r\n\r\n\r\n\r\n<h3 class=\"wp-block-heading\" id=\"mythes\" style=\"text-align: left\">Myths and misconceptions<\/h3>\r\n\r\n\r\n\r\n<h4 class=\"wp-block-heading\" style=\"text-align: left\">\u00ab Ce vaccin est d\u00e9j\u00e0 disponible en pharmacie \u00bb<\/h4>\r\n\r\n\r\n\r\n<p class=\"wp-block-paragraph\" style=\"text-align: left\"><strong>False.<\/strong> Il est encore en phase de d\u00e9veloppement et doit franchir des essais cliniques chez l&#8217;humain avant toute approbation. Cela pourrait prendre plusieurs ann\u00e9es.<\/p>\r\n\r\n\r\n\r\n<h4 class=\"wp-block-heading\" style=\"text-align: left\">\u00ab Un vaccin par le nez, c&#8217;est moins s\u00e9rieux qu&#8217;une injection \u00bb<\/h4>\r\n\r\n\r\n\r\n<p class=\"wp-block-paragraph\" style=\"text-align: left\"><strong>False.<\/strong> L&#8217;administration nasale vise pr\u00e9cis\u00e9ment \u00e0 cr\u00e9er une immunit\u00e9 l\u00e0 o\u00f9 les virus entrent. C&#8217;est une approche scientifique \u00e0 part enti\u00e8re, pas une version \u00ab all\u00e9g\u00e9e \u00bb d&#8217;un vaccin.<\/p>\r\n\r\n\r\n\r\n<h4 class=\"wp-block-heading\" style=\"text-align: left\">\u00ab Il n&#8217;existe rien pour prot\u00e9ger les b\u00e9b\u00e9s en attendant \u00bb<\/h4>\r\n\r\n\r\n\r\n<p class=\"wp-block-paragraph\" style=\"text-align: left\"><strong>Nuanced.<\/strong> Une protection par anticorps pr\u00e9ventifs existe pour les nourrissons, mais son effet est limit\u00e9 dans le temps. Les gestes de pr\u00e9vention et le suivi m\u00e9dical restent importants.<\/p>\r\n\r\n\r\n\r\n<h4 class=\"wp-block-heading\" style=\"text-align: left\">\u00ab Ce vaccin conviendra \u00e0 tout le monde \u00bb<\/h4>\r\n\r\n\r\n\r\n<p class=\"wp-block-paragraph\" style=\"text-align: left\"><strong>False.<\/strong> \u00c9tant compos\u00e9 d&#8217;un virus att\u00e9nu\u00e9, il ne serait pas recommand\u00e9 pour les femmes enceintes ni les personnes immunosupprim\u00e9es. Les indications pr\u00e9cises seront fix\u00e9es apr\u00e8s les essais.<\/p>\r\n\r\n\r\n\r\n<h4 class=\"wp-block-heading\" style=\"text-align: left\">\u00ab La bronchiolite est une simple toux sans gravit\u00e9 \u00bb<\/h4>\r\n\r\n\r\n\r\n<p class=\"wp-block-paragraph\" style=\"text-align: left\"><strong>False.<\/strong> Chez les tout-petits, ces virus respiratoires peuvent entra\u00eener des bronchiolites et des pneumonies n\u00e9cessitant une consultation, parfois une hospitalisation. Une respiration difficile justifie un avis m\u00e9dical rapide.<\/p>\r\n\r\n\r\n\r\n<h3 class=\"wp-block-heading\" id=\"faq\" style=\"text-align: left\">Frequently asked questions<\/h3>\r\n\r\n\r\n\r\n<h4 class=\"wp-block-heading\" style=\"text-align: left\">Contre quels virus ce vaccin prot\u00e9gerait-il?<\/h4>\r\n\r\n\r\n\r\n<p class=\"wp-block-paragraph\" style=\"text-align: left\">Le candidat vaccin vise trois virus respiratoires en une seule immunisation : le virus respiratoire syncytial (VRS), le m\u00e9tapneumovirus humain et la grippe, principaux responsables des bronchiolites et pneumonies chez les jeunes enfants.<\/p>\r\n\r\n\r\n\r\n<h4 class=\"wp-block-heading\" style=\"text-align: left\">\u00c0 quel \u00e2ge serait-il destin\u00e9?<\/h4>\r\n\r\n\r\n\r\n<p class=\"wp-block-paragraph\" style=\"text-align: left\">La cible principale est l&#8217;enfant de 6 mois \u00e0 5 ans. Les chercheurs souhaitent aussi \u00e9valuer son int\u00e9r\u00eat pour d&#8217;autres groupes \u00e0 risque, comme les jeunes adultes immunod\u00e9prim\u00e9s et les personnes \u00e2g\u00e9es.<\/p>\r\n\r\n\r\n\r\n<h4 class=\"wp-block-heading\" style=\"text-align: left\">Quand ce vaccin sera-t-il disponible?<\/h4>\r\n\r\n\r\n\r\n<p class=\"wp-block-paragraph\" style=\"text-align: left\">Aucune date n&#8217;est fix\u00e9e. Le vaccin est en d\u00e9veloppement et doit passer par des essais cliniques chez l&#8217;humain avant toute approbation, un processus qui peut prendre plusieurs ann\u00e9es.<\/p>\r\n\r\n\r\n\r\n<h4 class=\"wp-block-heading\" style=\"text-align: left\">Pourquoi l&#8217;administration par le nez?<\/h4>\r\n\r\n\r\n\r\n<p class=\"wp-block-paragraph\" style=\"text-align: left\">Cette voie permettrait de cr\u00e9er une immunit\u00e9 directement dans les voies nasales, l\u00e0 o\u00f9 les virus p\u00e9n\u00e8trent, tout en \u00e9tant moins stressante qu&#8217;une injection pour les enfants et leurs parents.<\/p>\r\n\r\n\r\n\r\n<h4 class=\"wp-block-heading\" style=\"text-align: left\">Comment prot\u00e9ger mon enfant en attendant?<\/h4>\r\n\r\n\r\n\r\n<p class=\"wp-block-paragraph\" style=\"text-align: left\">Les gestes de base demeurent essentiels : lavage des mains, prudence en p\u00e9riode d&#8217;\u00e9closion, surveillance des sympt\u00f4mes respiratoires et consultation rapide si la respiration devient difficile. Un professionnel peut vous renseigner sur les vaccins d\u00e9j\u00e0 offerts.<\/p>\r\n\r\n\r\n\r\n<h4 class=\"wp-block-heading\" style=\"text-align: left\">Quand consulter pour des sympt\u00f4mes respiratoires?<\/h4>\r\n\r\n\r\n\r\n<p class=\"wp-block-paragraph\" style=\"text-align: left\">Une respiration difficile, une fi\u00e8vre persistante ou un \u00e9tat qui se d\u00e9t\u00e9riore chez un tout-petit justifient une \u00e9valuation m\u00e9dicale rapide, en clinique ou en t\u00e9l\u00e9consultation selon la situation.<\/p>\r\n\r\n\r\n\r\n<h3 class=\"wp-block-heading\" style=\"text-align: left\">Sources<\/h3>\r\n\r\n\r\n\r\n<ol class=\"wp-block-list\" style=\"text-align: left\">\r\n<li>Universit\u00e9 Laval \/ CHU de Qu\u00e9bec \u2013 Universit\u00e9 Laval \u2014 Travaux du Dr Guy Boivin. <a href=\"https:\/\/www.ulaval.ca\/\">ulaval.ca<\/a><\/li>\r\n<li>Revue <em>npj vaccines<\/em> \u2014 Publication de l&#8217;\u00e9tude. <a href=\"https:\/\/www.nature.com\/npjvaccines\/\">nature.com\/npjvaccines<\/a><\/li>\r\n<li>Institut national de sant\u00e9 publique du Qu\u00e9bec (INSPQ) \u2014 Protocole d&#8217;immunisation du Qu\u00e9bec (PIQ). <a href=\"https:\/\/www.inspq.qc.ca\/\">inspq.qc.ca<\/a><\/li>\r\n<li>Minist\u00e8re de la Sant\u00e9 et des Services sociaux (MSSS) \u2014 Vaccination. <a rel=\"nofollow\" href=\"https:\/\/www.msss.gouv.qc.ca\/\">msss.gouv.qc.ca<\/a><\/li>\r\n<li>Soci\u00e9t\u00e9 canadienne de p\u00e9diatrie (SCP). <a href=\"https:\/\/cps.ca\/fr\">cps.ca<\/a><\/li>\r\n<li>Sant\u00e9 Canada \u2014 Approbation des vaccins. <a rel=\"nofollow\" href=\"https:\/\/www.canada.ca\/fr\/sante-canada.html\">canada.ca<\/a><\/li>\r\n<\/ol>\r\n<p><blockquote class=\"wp-embedded-content\" data-secret=\"n6vuYZ6DVQ\"><a href=\"https:\/\/cliniqueomicron.ca\/consultation-medicale\/\">Medical consultation | Clinique Omicron<\/a><\/blockquote><iframe class=\"wp-embedded-content\" sandbox=\"allow-scripts\" security=\"restricted\" style=\"position: absolute; visibility: hidden;\" title=\"\u00ab| Clinique Omicron \u00bb - Clinique Omicron\" src=\"https:\/\/cliniqueomicron.ca\/consultation-medicale\/embed\/#?secret=62pqOXrBf1#?secret=n6vuYZ6DVQ\" data-secret=\"n6vuYZ6DVQ\" width=\"600\" height=\"338\" frameborder=\"0\" marginwidth=\"0\" marginheight=\"0\" scrolling=\"no\"><\/iframe><\/p>","protected":false},"excerpt":{"rendered":"<p>\u00c9couter cet article 3 min 16 Votre navigateur ne prend pas en charge l&#8217;\u00e9l\u00e9ment audio. Aussi disponible sur YouTube\u00a0\u00b7\u00a0Spotify\u00a0\u00b7\u00a0Apple Podcasts Chaque hiver, des milliers de parents qu\u00e9b\u00e9cois se retrouvent aux urgences avec un b\u00e9b\u00e9 qui respire mal, une toux persistante ou une fi\u00e8vre qui dure. Un vaccin contre les virus respiratoires chez l&#8217;enfant, en d\u00e9veloppement&hellip;&nbsp;<a href=\"https:\/\/cliniqueomicron.ca\/en\/blogue-vaccin-quebecois-enfants-virus-respiratoires-vrs\/\" rel=\"bookmark\">Read More \"<span class=\"screen-reader-text\">A Quebec vaccine could soon protect your children against 3 respiratory viruses<\/span><\/a><\/p>","protected":false},"author":8,"featured_media":23479,"comment_status":"closed","ping_status":"closed","sticky":false,"template":"","format":"standard","meta":{"om_disable_all_campaigns":false,"neve_meta_sidebar":"","neve_meta_container":"","neve_meta_enable_content_width":"off","neve_meta_content_width":70,"neve_meta_title_alignment":"","neve_meta_author_avatar":"","neve_post_elements_order":"","neve_meta_disable_header":"","neve_meta_disable_footer":"","neve_meta_disable_title":"","_themeisle_gutenberg_block_has_review":false,"_metasync_otto_title":"Un vaccin qu\u00e9b\u00e9cois pourrait bient\u00f4t prot\u00e9ger | Omicron","_metasync_otto_description":"Une \u00e9quipe de l'Universit\u00e9 Laval d\u00e9veloppe le tout premier vaccin contre le VRS, le m\u00e9tapneumovirus et la grippe pour les enfants de 6 mois \u00e0 5 ans.","_metasync_otto_keywords":"vaccin enfants, virus respiratoires, VRS, m\u00e9tapneumovirus, influenza, sant\u00e9 p\u00e9diatrique, d\u00e9veloppement de vaccin, Clinique Omicron","_metasync_otto_og_title":"Un vaccin qu\u00e9b\u00e9cois pourrait | Brossard | Clinique Omicron","_metasync_otto_og_description":"Vaccin qu\u00e9b\u00e9cois contre les virus respiratoires pour les enfants, une avanc\u00e9e majeure \u00e0 Clinique Omicron.","_metasync_otto_twitter_title":"Un vaccin qu\u00e9b\u00e9cois pourrait | Brossard | Clinique Omicron","_metasync_otto_twitter_description":"Une \u00e9quipe de l'Universit\u00e9 Laval d\u00e9veloppe le tout premier vaccin contre le VRS, le m\u00e9tapneumovirus et la grippe pour les enfants de 6 mois \u00e0 5 ans.","rank_math_title":"","rank_math_description":"","_yoast_wpseo_title":"","_yoast_wpseo_metadesc":"","_aioseo_title":"Un vaccin qu\u00e9b\u00e9cois pourrait bient\u00f4t prot\u00e9ger | Omicron","_aioseo_description":"Une \u00e9quipe de l'Universit\u00e9 Laval d\u00e9veloppe le tout premier vaccin contre le VRS, le m\u00e9tapneumovirus et la grippe pour les enfants de 6 mois \u00e0 5 ans.","_metasync_seo_title":"","_metasync_seo_desc":"","_metasync_breadcrumb_title":"","_metasync_primary_category":0,"_metasync_primary_product_cat":0,"_metasync_otto_disabled":"","_metasync_hreflang":"","_metasync_plugin_sync_ts":"{\"aioseo\":\"2026-08-18T19:09:43+00:00\"}","_metasync_robots_advanced":"","footnotes":""},"categories":[65,72,68],"tags":[376,379,378,373,377,374,375],"class_list":["post-23444","post","type-post","status-publish","format-standard","has-post-thumbnail","hentry","category-actualites-medicales","category-information-education-sante","category-revue-medicale-actualites","tag-bronchiolite-bebe","tag-metapneumovirus-enfant","tag-universite-laval-vaccin","tag-vaccin-enfants-quebec","tag-vaccin-nasal-enfant","tag-virus-respiratoire-syncytial-enfant","tag-vrs-vaccin"],"aioseo_notices":[],"aioseo_head":"\n\t\t<!-- All in One SEO Pro 5.0.1.1 - aioseo.com -->\n\t<meta name=\"description\" content=\"Une \u00e9quipe de l&#039;Universit\u00e9 Laval d\u00e9veloppe le tout premier vaccin contre le VRS, le m\u00e9tapneumovirus et la grippe pour les enfants de 6 mois \u00e0 5 ans.\" \/>\n\t<meta name=\"robots\" content=\"max-snippet:-1, max-image-preview:large, max-video-preview:-1\" \/>\n\t<meta name=\"author\" content=\"Genevi\u00e8ve Dostie\"\/>\n\t<meta name=\"google-site-verification\" content=\"yYDMZv-nme7Cg-KrW5GmEWceBTrCDv8zhSkkXdJSnyM\" \/>\n\t<meta name=\"msvalidate.01\" content=\"3225E6935FC4F40C7DDCE56C37141BA8\" \/>\n\t<link rel=\"canonical\" href=\"https:\/\/cliniqueomicron.ca\/en\/blogue-vaccin-quebecois-enfants-virus-respiratoires-vrs\/\" \/>\n\t<meta name=\"generator\" content=\"All in One SEO Pro (AIOSEO) 5.0.1.1\" \/>\n\t\t<meta property=\"og:locale\" content=\"en_US\" \/>\n\t\t<meta property=\"og:site_name\" content=\"Clinique Omicron - Clinique M\u00e9dicale\" \/>\n\t\t<meta property=\"og:type\" content=\"article\" \/>\n\t\t<meta property=\"og:title\" content=\"Un vaccin qu\u00e9b\u00e9cois pourrait | Brossard | Clinique Omicron\" \/>\n\t\t<meta property=\"og:description\" content=\"Vaccin qu\u00e9b\u00e9cois contre les virus respiratoires pour les enfants, une avanc\u00e9e majeure \u00e0 Clinique Omicron.\" \/>\n\t\t<meta property=\"og:url\" content=\"https:\/\/cliniqueomicron.ca\/en\/blogue-vaccin-quebecois-enfants-virus-respiratoires-vrs\/\" \/>\n\t\t<meta property=\"og:image\" content=\"https:\/\/cliniqueomicron.ca\/wp-content\/uploads\/2025\/12\/unnamed-1-e1765579964732.jpg\" \/>\n\t\t<meta property=\"og:image:secure_url\" content=\"https:\/\/cliniqueomicron.ca\/wp-content\/uploads\/2025\/12\/unnamed-1-e1765579964732.jpg\" \/>\n\t\t<meta property=\"article:published_time\" content=\"2026-02-24T13:18:14+00:00\" \/>\n\t\t<meta property=\"article:modified_time\" content=\"2026-08-29T16:49:39+00:00\" \/>\n\t\t<meta property=\"article:publisher\" content=\"https:\/\/www.facebook.com\/cliniqueomicron\" \/>\n\t\t<meta name=\"twitter:card\" content=\"summary_large_image\" \/>\n\t\t<meta name=\"twitter:site\" content=\"@CliniqueOmicron\" \/>\n\t\t<meta name=\"twitter:title\" content=\"Un vaccin qu\u00e9b\u00e9cois pourrait | Brossard | Clinique Omicron\" \/>\n\t\t<meta name=\"twitter:description\" content=\"Vaccin qu\u00e9b\u00e9cois contre les virus respiratoires pour les enfants, une avanc\u00e9e majeure \u00e0 Clinique Omicron.\" \/>\n\t\t<meta name=\"twitter:creator\" content=\"@CliniqueOmicron\" \/>\n\t\t<meta name=\"twitter:image\" content=\"https:\/\/cliniqueomicron.ca\/wp-content\/uploads\/2025\/12\/unnamed-1-e1765579964732.jpg\" \/>\n\t\t<script type=\"application\/ld+json\" class=\"aioseo-schema\">\n\t\t\t{\"@context\":\"https:\\\/\\\/schema.org\",\"@graph\":[{\"@type\":\"BlogPosting\",\"@id\":\"https:\\\/\\\/cliniqueomicron.ca\\\/en\\\/blogue-vaccin-quebecois-enfants-virus-respiratoires-vrs\\\/#blogposting\",\"name\":\"Un vaccin qu\\u00e9b\\u00e9cois pourrait bient\\u00f4t prot\\u00e9ger | Omicron\",\"headline\":\"Un vaccin qu\\u00e9b\\u00e9cois pourrait bient\\u00f4t prot\\u00e9ger vos enfants contre 3 virus respiratoires\",\"author\":{\"@id\":\"https:\\\/\\\/cliniqueomicron.ca\\\/en\\\/author\\\/genevieve-dostie\\\/#author\"},\"publisher\":{\"@id\":\"https:\\\/\\\/cliniqueomicron.ca\\\/en\\\/#organization\"},\"image\":{\"@type\":\"ImageObject\",\"url\":\"https:\\\/\\\/cliniqueomicron.ca\\\/wp-content\\\/uploads\\\/2026\\\/02\\\/Orange-White-Simple-Bold-Daily-Podcast-Youtube-Basligi-3.webp\",\"width\":1920,\"height\":1080,\"caption\":\"Microphone in focus with \\\"LA MINUTE OMICRON\\\" title and health news context, Clinique Omicron branding visible.\"},\"datePublished\":\"2026-02-24T09:18:14-04:00\",\"dateModified\":\"2026-08-29T12:49:39-04:00\",\"inLanguage\":\"en-CA\",\"mainEntityOfPage\":{\"@id\":\"https:\\\/\\\/cliniqueomicron.ca\\\/en\\\/blogue-vaccin-quebecois-enfants-virus-respiratoires-vrs\\\/#webpage\"},\"isPartOf\":{\"@id\":\"https:\\\/\\\/cliniqueomicron.ca\\\/en\\\/blogue-vaccin-quebecois-enfants-virus-respiratoires-vrs\\\/#webpage\"},\"articleSection\":\"Actualit\\u00e9s m\\u00e9dicales &amp; recherche, Information &amp; \\u00e9ducation sant\\u00e9, Revue m\\u00e9dicale &amp; actualit\\u00e9s comment\\u00e9es, bronchiolite b\\u00e9b\\u00e9, m\\u00e9tapneumovirus enfant, Universit\\u00e9 Laval vaccin, vaccin enfants Qu\\u00e9bec, vaccin nasal enfant, virus respiratoire syncytial enfant, VRS vaccin\"},{\"@type\":\"BreadcrumbList\",\"@id\":\"https:\\\/\\\/cliniqueomicron.ca\\\/en\\\/blogue-vaccin-quebecois-enfants-virus-respiratoires-vrs\\\/#breadcrumblist\",\"itemListElement\":[{\"@type\":\"ListItem\",\"@id\":\"https:\\\/\\\/cliniqueomicron.ca\\\/en#listItem\",\"position\":1,\"name\":\"Accueil\",\"item\":\"https:\\\/\\\/cliniqueomicron.ca\\\/en\",\"nextItem\":{\"@type\":\"ListItem\",\"@id\":\"https:\\\/\\\/cliniqueomicron.ca\\\/en\\\/category\\\/actualites-medicales\\\/#listItem\",\"name\":\"Actualit\\u00e9s m\\u00e9dicales &amp; recherche\"}},{\"@type\":\"ListItem\",\"@id\":\"https:\\\/\\\/cliniqueomicron.ca\\\/en\\\/category\\\/actualites-medicales\\\/#listItem\",\"position\":2,\"name\":\"Actualit\\u00e9s m\\u00e9dicales &amp; recherche\",\"item\":\"https:\\\/\\\/cliniqueomicron.ca\\\/en\\\/category\\\/actualites-medicales\\\/\",\"nextItem\":{\"@type\":\"ListItem\",\"@id\":\"https:\\\/\\\/cliniqueomicron.ca\\\/en\\\/blogue-vaccin-quebecois-enfants-virus-respiratoires-vrs\\\/#listItem\",\"name\":\"Un vaccin qu\\u00e9b\\u00e9cois pourrait bient\\u00f4t prot\\u00e9ger vos enfants contre 3 virus respiratoires\"},\"previousItem\":{\"@type\":\"ListItem\",\"@id\":\"https:\\\/\\\/cliniqueomicron.ca\\\/en#listItem\",\"name\":\"Accueil\"}},{\"@type\":\"ListItem\",\"@id\":\"https:\\\/\\\/cliniqueomicron.ca\\\/en\\\/blogue-vaccin-quebecois-enfants-virus-respiratoires-vrs\\\/#listItem\",\"position\":3,\"name\":\"Un vaccin qu\\u00e9b\\u00e9cois pourrait bient\\u00f4t prot\\u00e9ger vos enfants contre 3 virus respiratoires\",\"previousItem\":{\"@type\":\"ListItem\",\"@id\":\"https:\\\/\\\/cliniqueomicron.ca\\\/en\\\/category\\\/actualites-medicales\\\/#listItem\",\"name\":\"Actualit\\u00e9s m\\u00e9dicales &amp; recherche\"}}]},{\"@type\":\"Person\",\"@id\":\"https:\\\/\\\/cliniqueomicron.ca\\\/en\\\/author\\\/genevieve-dostie\\\/#author\",\"url\":\"https:\\\/\\\/cliniqueomicron.ca\\\/en\\\/author\\\/genevieve-dostie\\\/\",\"name\":\"Genevi\\u00e8ve Dostie\",\"image\":{\"@type\":\"ImageObject\",\"@id\":\"https:\\\/\\\/cliniqueomicron.ca\\\/en\\\/blogue-vaccin-quebecois-enfants-virus-respiratoires-vrs\\\/#authorImage\",\"url\":\"https:\\\/\\\/secure.gravatar.com\\\/avatar\\\/44b79b58d2318c1144ca1ee03f088070daafb21cd70d44772f74d8280b5047d2?s=96&d=mm&r=g\",\"width\":96,\"height\":96,\"caption\":\"Genevi\\u00e8ve Dostie\"}},{\"@type\":\"WebPage\",\"@id\":\"https:\\\/\\\/cliniqueomicron.ca\\\/en\\\/blogue-vaccin-quebecois-enfants-virus-respiratoires-vrs\\\/#webpage\",\"url\":\"https:\\\/\\\/cliniqueomicron.ca\\\/en\\\/blogue-vaccin-quebecois-enfants-virus-respiratoires-vrs\\\/\",\"name\":\"Un vaccin qu\\u00e9b\\u00e9cois pourrait bient\\u00f4t prot\\u00e9ger | Omicron\",\"description\":\"Une \\u00e9quipe de l'Universit\\u00e9 Laval d\\u00e9veloppe le tout premier vaccin contre le VRS, le m\\u00e9tapneumovirus et la grippe pour les enfants de 6 mois \\u00e0 5 ans.\",\"inLanguage\":\"en-CA\",\"isPartOf\":{\"@id\":\"https:\\\/\\\/cliniqueomicron.ca\\\/en\\\/#website\"},\"breadcrumb\":{\"@id\":\"https:\\\/\\\/cliniqueomicron.ca\\\/en\\\/blogue-vaccin-quebecois-enfants-virus-respiratoires-vrs\\\/#breadcrumblist\"},\"author\":{\"@id\":\"https:\\\/\\\/cliniqueomicron.ca\\\/en\\\/author\\\/genevieve-dostie\\\/#author\"},\"creator\":{\"@id\":\"https:\\\/\\\/cliniqueomicron.ca\\\/en\\\/author\\\/genevieve-dostie\\\/#author\"},\"image\":{\"@type\":\"ImageObject\",\"url\":\"https:\\\/\\\/cliniqueomicron.ca\\\/wp-content\\\/uploads\\\/2026\\\/02\\\/Orange-White-Simple-Bold-Daily-Podcast-Youtube-Basligi-3.webp\",\"@id\":\"https:\\\/\\\/cliniqueomicron.ca\\\/en\\\/blogue-vaccin-quebecois-enfants-virus-respiratoires-vrs\\\/#mainImage\",\"width\":1920,\"height\":1080,\"caption\":\"Microphone in focus with \\\"LA MINUTE OMICRON\\\" title and health news context, Clinique Omicron branding visible.\"},\"primaryImageOfPage\":{\"@id\":\"https:\\\/\\\/cliniqueomicron.ca\\\/en\\\/blogue-vaccin-quebecois-enfants-virus-respiratoires-vrs\\\/#mainImage\"},\"datePublished\":\"2026-02-24T09:18:14-04:00\",\"dateModified\":\"2026-08-29T12:49:39-04:00\"},{\"@type\":\"WebSite\",\"@id\":\"https:\\\/\\\/cliniqueomicron.ca\\\/en\\\/#website\",\"url\":\"https:\\\/\\\/cliniqueomicron.ca\\\/en\\\/\",\"name\":\"Clinique Omicron\",\"description\":\"Clinique M\\u00e9dicale\",\"inLanguage\":\"en-CA\",\"publisher\":{\"@id\":\"https:\\\/\\\/cliniqueomicron.ca\\\/en\\\/#organization\"}}]}\n\t\t<\/script>\n\t\t<!-- All in One SEO Pro -->\r\n\t\t<title>Un vaccin qu\u00e9b\u00e9cois pourrait bient\u00f4t prot\u00e9ger | Omicron<\/title>\n\n","aioseo_head_json":{"title":"Un vaccin qu\u00e9b\u00e9cois pourrait bient\u00f4t prot\u00e9ger | Omicron","description":"A Universit\u00e9 Laval team develops the first-ever vaccine against RSV, metapneumovirus and influenza for children aged 6 months to 5 years.","canonical_url":"https:\/\/cliniqueomicron.ca\/en\/blogue-vaccin-quebecois-enfants-virus-respiratoires-vrs\/","robots":"max-snippet:-1, max-image-preview:large, max-video-preview:-1","keywords":"","webmasterTools":{"google-site-verification":"yYDMZv-nme7Cg-KrW5GmEWceBTrCDv8zhSkkXdJSnyM","msvalidate.01":"3225E6935FC4F40C7DDCE56C37141BA8","miscellaneous":""},"schema":{"@context":"https:\/\/schema.org","@graph":[{"@type":"BlogPosting","@id":"https:\/\/cliniqueomicron.ca\/en\/blogue-vaccin-quebecois-enfants-virus-respiratoires-vrs\/#blogposting","name":"Un vaccin qu\u00e9b\u00e9cois pourrait bient\u00f4t prot\u00e9ger | Omicron","headline":"Un vaccin qu\u00e9b\u00e9cois pourrait bient\u00f4t prot\u00e9ger vos enfants contre 3 virus respiratoires","author":{"@id":"https:\/\/cliniqueomicron.ca\/en\/author\/genevieve-dostie\/#author"},"publisher":{"@id":"https:\/\/cliniqueomicron.ca\/en\/#organization"},"image":{"@type":"ImageObject","url":"https:\/\/cliniqueomicron.ca\/wp-content\/uploads\/2026\/02\/Orange-White-Simple-Bold-Daily-Podcast-Youtube-Basligi-3.webp","width":1920,"height":1080,"caption":"Microphone in focus with \"LA MINUTE OMICRON\" title and health news context, Clinique Omicron branding visible."},"datePublished":"2026-02-24T09:18:14-04:00","dateModified":"2026-08-29T12:49:39-04:00","inLanguage":"en-CA","mainEntityOfPage":{"@id":"https:\/\/cliniqueomicron.ca\/en\/blogue-vaccin-quebecois-enfants-virus-respiratoires-vrs\/#webpage"},"isPartOf":{"@id":"https:\/\/cliniqueomicron.ca\/en\/blogue-vaccin-quebecois-enfants-virus-respiratoires-vrs\/#webpage"},"articleSection":"Actualit\u00e9s m\u00e9dicales &amp; recherche, Information &amp; \u00e9ducation sant\u00e9, Revue m\u00e9dicale &amp; actualit\u00e9s comment\u00e9es, bronchiolite b\u00e9b\u00e9, m\u00e9tapneumovirus enfant, Universit\u00e9 Laval vaccin, vaccin enfants Qu\u00e9bec, vaccin nasal enfant, virus respiratoire syncytial enfant, VRS vaccin"},{"@type":"BreadcrumbList","@id":"https:\/\/cliniqueomicron.ca\/en\/blogue-vaccin-quebecois-enfants-virus-respiratoires-vrs\/#breadcrumblist","itemListElement":[{"@type":"ListItem","@id":"https:\/\/cliniqueomicron.ca\/en#listItem","position":1,"name":"Accueil","item":"https:\/\/cliniqueomicron.ca\/en","nextItem":{"@type":"ListItem","@id":"https:\/\/cliniqueomicron.ca\/en\/category\/actualites-medicales\/#listItem","name":"Actualit\u00e9s m\u00e9dicales &amp; recherche"}},{"@type":"ListItem","@id":"https:\/\/cliniqueomicron.ca\/en\/category\/actualites-medicales\/#listItem","position":2,"name":"Actualit\u00e9s m\u00e9dicales &amp; recherche","item":"https:\/\/cliniqueomicron.ca\/en\/category\/actualites-medicales\/","nextItem":{"@type":"ListItem","@id":"https:\/\/cliniqueomicron.ca\/en\/blogue-vaccin-quebecois-enfants-virus-respiratoires-vrs\/#listItem","name":"Un vaccin qu\u00e9b\u00e9cois pourrait bient\u00f4t prot\u00e9ger vos enfants contre 3 virus respiratoires"},"previousItem":{"@type":"ListItem","@id":"https:\/\/cliniqueomicron.ca\/en#listItem","name":"Accueil"}},{"@type":"ListItem","@id":"https:\/\/cliniqueomicron.ca\/en\/blogue-vaccin-quebecois-enfants-virus-respiratoires-vrs\/#listItem","position":3,"name":"Un vaccin qu\u00e9b\u00e9cois pourrait bient\u00f4t prot\u00e9ger vos enfants contre 3 virus respiratoires","previousItem":{"@type":"ListItem","@id":"https:\/\/cliniqueomicron.ca\/en\/category\/actualites-medicales\/#listItem","name":"Actualit\u00e9s m\u00e9dicales &amp; recherche"}}]},{"@type":"Person","@id":"https:\/\/cliniqueomicron.ca\/en\/author\/genevieve-dostie\/#author","url":"https:\/\/cliniqueomicron.ca\/en\/author\/genevieve-dostie\/","name":"Genevi\u00e8ve Dostie","image":{"@type":"ImageObject","@id":"https:\/\/cliniqueomicron.ca\/en\/blogue-vaccin-quebecois-enfants-virus-respiratoires-vrs\/#authorImage","url":"https:\/\/secure.gravatar.com\/avatar\/44b79b58d2318c1144ca1ee03f088070daafb21cd70d44772f74d8280b5047d2?s=96&d=mm&r=g","width":96,"height":96,"caption":"Genevi\u00e8ve Dostie"}},{"@type":"WebPage","@id":"https:\/\/cliniqueomicron.ca\/en\/blogue-vaccin-quebecois-enfants-virus-respiratoires-vrs\/#webpage","url":"https:\/\/cliniqueomicron.ca\/en\/blogue-vaccin-quebecois-enfants-virus-respiratoires-vrs\/","name":"Un vaccin qu\u00e9b\u00e9cois pourrait bient\u00f4t prot\u00e9ger | Omicron","description":"Une \u00e9quipe de l'Universit\u00e9 Laval d\u00e9veloppe le tout premier vaccin contre le VRS, le m\u00e9tapneumovirus et la grippe pour les enfants de 6 mois \u00e0 5 ans.","inLanguage":"en-CA","isPartOf":{"@id":"https:\/\/cliniqueomicron.ca\/en\/#website"},"breadcrumb":{"@id":"https:\/\/cliniqueomicron.ca\/en\/blogue-vaccin-quebecois-enfants-virus-respiratoires-vrs\/#breadcrumblist"},"author":{"@id":"https:\/\/cliniqueomicron.ca\/en\/author\/genevieve-dostie\/#author"},"creator":{"@id":"https:\/\/cliniqueomicron.ca\/en\/author\/genevieve-dostie\/#author"},"image":{"@type":"ImageObject","url":"https:\/\/cliniqueomicron.ca\/wp-content\/uploads\/2026\/02\/Orange-White-Simple-Bold-Daily-Podcast-Youtube-Basligi-3.webp","@id":"https:\/\/cliniqueomicron.ca\/en\/blogue-vaccin-quebecois-enfants-virus-respiratoires-vrs\/#mainImage","width":1920,"height":1080,"caption":"Microphone in focus with \"LA MINUTE OMICRON\" title and health news context, Clinique Omicron branding visible."},"primaryImageOfPage":{"@id":"https:\/\/cliniqueomicron.ca\/en\/blogue-vaccin-quebecois-enfants-virus-respiratoires-vrs\/#mainImage"},"datePublished":"2026-02-24T09:18:14-04:00","dateModified":"2026-08-29T12:49:39-04:00"},{"@type":"WebSite","@id":"https:\/\/cliniqueomicron.ca\/en\/#website","url":"https:\/\/cliniqueomicron.ca\/en\/","name":"Clinique Omicron","description":"Clinique M\u00e9dicale","inLanguage":"en-CA","publisher":{"@id":"https:\/\/cliniqueomicron.ca\/en\/#organization"}}]},"og:locale":"en_US","og:site_name":"Clinique Omicron - Clinique M\u00e9dicale","og:type":"article","og:title":"Un vaccin qu\u00e9b\u00e9cois pourrait | Brossard | Clinique Omicron","og:description":"Vaccin qu\u00e9b\u00e9cois contre les virus respiratoires pour les enfants, une avanc\u00e9e majeure \u00e0 Clinique Omicron.","og:url":"https:\/\/cliniqueomicron.ca\/en\/blogue-vaccin-quebecois-enfants-virus-respiratoires-vrs\/","og:image":"https:\/\/cliniqueomicron.ca\/wp-content\/uploads\/2025\/12\/unnamed-1-e1765579964732.jpg","og:image:secure_url":"https:\/\/cliniqueomicron.ca\/wp-content\/uploads\/2025\/12\/unnamed-1-e1765579964732.jpg","article:published_time":"2026-02-24T13:18:14+00:00","article:modified_time":"2026-08-29T16:49:39+00:00","article:publisher":"https:\/\/www.facebook.com\/cliniqueomicron","twitter:card":"summary_large_image","twitter:site":"@CliniqueOmicron","twitter:title":"Un vaccin qu\u00e9b\u00e9cois pourrait | Brossard | Clinique Omicron","twitter:description":"Vaccin qu\u00e9b\u00e9cois contre les virus respiratoires pour les enfants, une avanc\u00e9e majeure \u00e0 Clinique Omicron.","twitter:creator":"@CliniqueOmicron","twitter:image":"https:\/\/cliniqueomicron.ca\/wp-content\/uploads\/2025\/12\/unnamed-1-e1765579964732.jpg"},"aioseo_meta_data":{"post_id":"23444","title":"Un vaccin qu\u00e9b\u00e9cois pourrait bient\u00f4t prot\u00e9ger | Omicron","description":"A Universit\u00e9 Laval team develops the first-ever vaccine against RSV, metapneumovirus and influenza for children aged 6 months to 5 years.","keywords":null,"keyphrases":{"focus":{"keyphrase":"vaccin enfants, virus respiratoires, VRS, m\u00e9tapneumovirus, influenza, sant\u00e9 p\u00e9diatrique, d\u00e9veloppement de vaccin, Clinique Omicron","score":0,"analysis":[]},"additional":[]},"primary_term":null,"canonical_url":null,"og_title":"Un vaccin qu\u00e9b\u00e9cois pourrait | Brossard | Clinique Omicron","og_description":"Vaccin qu\u00e9b\u00e9cois contre les virus respiratoires pour les enfants, une avanc\u00e9e majeure \u00e0 Clinique Omicron.","og_object_type":"default","og_image_type":"custom","og_image_url":"https:\/\/cliniqueomicron.ca\/wp-content\/uploads\/2025\/12\/unnamed-1-e1765579964732.jpg","og_image_width":"0","og_image_height":"0","og_image_custom_url":"https:\/\/cliniqueomicron.ca\/wp-content\/uploads\/2026\/02\/Orange-White-Simple-Bold-Daily-Podcast-Youtube-Basligi-3-1024x576.png","og_image_custom_fields":null,"og_video":"","og_custom_url":null,"og_article_section":null,"og_article_tags":null,"twitter_use_og":true,"twitter_card":"summary_large_image","twitter_image_type":"default","twitter_image_url":null,"twitter_image_custom_url":null,"twitter_image_custom_fields":null,"twitter_title":"Un vaccin qu\u00e9b\u00e9cois pourrait | Brossard | Clinique Omicron","twitter_description":"Une \u00e9quipe de l'Universit\u00e9 Laval d\u00e9veloppe le tout premier vaccin contre le VRS, le m\u00e9tapneumovirus et la grippe pour les enfants de 6 mois \u00e0 5 ans.","schema":{"blockGraphs":[],"customGraphs":[],"default":{"data":{"Article":[],"Course":[],"Dataset":[],"FAQPage":[],"Movie":[],"Person":[],"Product":[],"ProductReview":[],"Car":[],"Recipe":[],"Service":[],"SoftwareApplication":[],"WebPage":[]},"graphName":"BlogPosting","isEnabled":true},"graphs":[]},"schema_type":"default","schema_type_options":null,"pillar_content":false,"robots_default":false,"robots_noindex":false,"robots_noarchive":false,"robots_nosnippet":false,"robots_nofollow":false,"robots_noimageindex":false,"robots_noodp":false,"robots_notranslate":false,"robots_max_snippet":"-1","robots_max_videopreview":"-1","robots_max_imagepreview":"large","priority":null,"frequency":"default","local_seo":null,"seo_analyzer_scan_date":"2026-08-29 16:50:19","breadcrumb_settings":null,"limit_modified_date":false,"reviewed_by":"0","open_ai":null,"ai":{"faqs":[],"keyPoints":[],"schemas":[],"titles":[],"descriptions":[],"socialPosts":{"email":{"subject":"","preview":"","content":""},"linkedin":[],"twitter":[],"facebook":[],"instagram":[]}},"created":"2026-02-24 13:18:14","updated":"2026-08-29 17:17:08","focus_keyword":"vaccin enfants, virus respiratoires, VRS, m\u00e9tapneumovirus, influenza, sant\u00e9 p\u00e9diatrique, d\u00e9veloppement de vaccin, Clinique Omicron","additional_keywords":null,"truseo_locale":null},"aioseo_breadcrumb":"<div class=\"aioseo-breadcrumbs\"><span class=\"aioseo-breadcrumb\">\n\t<a href=\"https:\/\/cliniqueomicron.ca\/en\" title=\"Accueil\">Accueil<\/a>\n<\/span><span class=\"aioseo-breadcrumb-separator\">\u203a<\/span><span class=\"aioseo-breadcrumb\">\n\t<a href=\"https:\/\/cliniqueomicron.ca\/en\/category\/actualites-medicales\/\" title=\"Actualit\u00e9s m\u00e9dicales &amp; recherche\">Actualit\u00e9s m\u00e9dicales &amp; recherche<\/a>\n<\/span><span class=\"aioseo-breadcrumb-separator\">\u203a<\/span><span class=\"aioseo-breadcrumb\">\n\tUn vaccin qu\u00e9b\u00e9cois pourrait bient\u00f4t prot\u00e9ger vos enfants contre 3 virus respiratoires\n<\/span><\/div>","aioseo_breadcrumb_json":[{"label":"Accueil","link":"https:\/\/cliniqueomicron.ca\/en"},{"label":"Actualit\u00e9s m\u00e9dicales &amp; recherche","link":"https:\/\/cliniqueomicron.ca\/en\/category\/actualites-medicales\/"},{"label":"Un vaccin qu\u00e9b\u00e9cois pourrait bient\u00f4t prot\u00e9ger vos enfants contre 3 virus respiratoires","link":"https:\/\/cliniqueomicron.ca\/en\/blogue-vaccin-quebecois-enfants-virus-respiratoires-vrs\/"}],"_links":{"self":[{"href":"https:\/\/cliniqueomicron.ca\/en\/wp-json\/wp\/v2\/posts\/23444","targetHints":{"allow":["GET"]}}],"collection":[{"href":"https:\/\/cliniqueomicron.ca\/en\/wp-json\/wp\/v2\/posts"}],"about":[{"href":"https:\/\/cliniqueomicron.ca\/en\/wp-json\/wp\/v2\/types\/post"}],"author":[{"embeddable":true,"href":"https:\/\/cliniqueomicron.ca\/en\/wp-json\/wp\/v2\/users\/8"}],"replies":[{"embeddable":true,"href":"https:\/\/cliniqueomicron.ca\/en\/wp-json\/wp\/v2\/comments?post=23444"}],"version-history":[{"count":5,"href":"https:\/\/cliniqueomicron.ca\/en\/wp-json\/wp\/v2\/posts\/23444\/revisions"}],"predecessor-version":[{"id":37485,"href":"https:\/\/cliniqueomicron.ca\/en\/wp-json\/wp\/v2\/posts\/23444\/revisions\/37485"}],"wp:featuredmedia":[{"embeddable":true,"href":"https:\/\/cliniqueomicron.ca\/en\/wp-json\/wp\/v2\/media\/23479"}],"wp:attachment":[{"href":"https:\/\/cliniqueomicron.ca\/en\/wp-json\/wp\/v2\/media?parent=23444"}],"wp:term":[{"taxonomy":"category","embeddable":true,"href":"https:\/\/cliniqueomicron.ca\/en\/wp-json\/wp\/v2\/categories?post=23444"},{"taxonomy":"post_tag","embeddable":true,"href":"https:\/\/cliniqueomicron.ca\/en\/wp-json\/wp\/v2\/tags?post=23444"}],"curies":[{"name":"wp","href":"https:\/\/api.w.org\/{rel}","templated":true}]}}