{"id":36702,"date":"2026-08-31T08:33:45","date_gmt":"2026-08-31T12:33:45","guid":{"rendered":"https:\/\/cliniqueomicron.ca\/?p=36702"},"modified":"2026-07-12T01:44:09","modified_gmt":"2026-07-12T05:44:09","slug":"blogue-retour-au-travail-apres-vacances-eviter-epuisement-quebec","status":"publish","type":"post","link":"https:\/\/cliniqueomicron.ca\/en\/blogue-retour-au-travail-apres-vacances-eviter-epuisement-quebec\/","title":{"rendered":"Retour au travail apr\u00e8s les vacances : \u00e9viter l&#8217;\u00e9puisement"},"content":{"rendered":"<p class=\"wp-block-paragraph\" style=\"text-align: left;\">Apr\u00e8s quelques semaines de cong\u00e9 estival, reprendre le collier peut se r\u00e9v\u00e9ler plus difficile qu&#8217;on ne l&#8217;imagine. Le <strong>retour au travail apr\u00e8s les vacances<\/strong> s&#8217;accompagne souvent d&#8217;une baisse d&#8217;\u00e9nergie, d&#8217;un moral en dents de scie et d&#8217;une pile de t\u00e2ches qui semble insurmontable. C&#8217;est une r\u00e9action courante, la plupart du temps passag\u00e8re. Cet article propose des rep\u00e8res concrets pour comprendre le blues post-vacances, r\u00e9ajuster son rythme et son sommeil, g\u00e9rer la charge de la rentr\u00e9e et rep\u00e9rer t\u00f4t les signes d&#8217;\u00e9puisement professionnel, afin de reprendre en douceur plut\u00f4t que dans le rouge.<\/p>\r\n\r\n\r\n\r\n<h3 class=\"wp-block-heading\" style=\"text-align: left;\">On this page<\/h3>\r\n\r\n\r\n\r\n<ul class=\"wp-block-list\" style=\"text-align: left;\">\r\n<li><a href=\"#comprendre\">Comprendre le blues post-vacances<\/a><\/li>\r\n\r\n\r\n\r\n<li><a href=\"#reajuster\">R\u00e9ajuster son rythme en douceur<\/a><\/li>\r\n\r\n\r\n\r\n<li><a href=\"#sommeil\">Pr\u00e9server son sommeil et son \u00e9nergie<\/a><\/li>\r\n\r\n\r\n\r\n<li><a href=\"#charge\">G\u00e9rer la charge de la rentr\u00e9e<\/a><\/li>\r\n\r\n\r\n\r\n<li><a href=\"#signes\">Reconna\u00eetre les signes pr\u00e9coces d&#8217;\u00e9puisement<\/a><\/li>\r\n\r\n\r\n\r\n<li><a href=\"#aide\">Quand et comment demander de l&#8217;aide<\/a><\/li>\r\n\r\n\r\n\r\n<li><a href=\"#milieu\">Le r\u00f4le du milieu de travail<\/a><\/li>\r\n\r\n\r\n\r\n<li><a href=\"#mythes\">Myths and misconceptions<\/a><\/li>\r\n\r\n\r\n\r\n<li><a href=\"#faq\">Frequently asked questions<\/a><\/li>\r\n<\/ul>\r\n\r\n\r\n\r\n<h3 id=\"comprendre\" class=\"wp-block-heading\" style=\"text-align: left;\">Comprendre le blues post-vacances<\/h3>\r\n\r\n\r\n\r\n<p class=\"wp-block-paragraph\" style=\"text-align: left;\">Visit <em>blues post-vacances<\/em> d\u00e9signe cette baisse d&#8217;entrain ressentie au retour d&#8217;un cong\u00e9. Apr\u00e8s une p\u00e9riode de d\u00e9tente, le contraste avec les exigences du quotidien professionnel peut sembler brutal. Ce n&#8217;est pas une maladie : c&#8217;est une r\u00e9action d&#8217;adaptation, g\u00e9n\u00e9ralement de courte dur\u00e9e.<\/p>\r\n\r\n\r\n\r\n<h4 class=\"wp-block-heading\" style=\"text-align: left;\">Pourquoi le retour est parfois difficile<\/h4>\r\n\r\n\r\n\r\n<ul class=\"wp-block-list\" style=\"text-align: left;\">\r\n<li>Le rythme s&#8217;est rel\u00e2ch\u00e9 pendant les vacances : lever plus tard, journ\u00e9es moins structur\u00e9es.<\/li>\r\n\r\n\r\n\r\n<li>Le cerveau et le corps doivent se r\u00e9habituer aux horaires et aux contraintes.<\/li>\r\n\r\n\r\n\r\n<li>La reprise met souvent en face d&#8217;une accumulation de t\u00e2ches en attente.<\/li>\r\n\r\n\r\n\r\n<li>Le retour \u00e0 la routine peut raviver une insatisfaction plus profonde envers son emploi.<\/li>\r\n<\/ul>\r\n\r\n\r\n\r\n<h4 class=\"wp-block-heading\" style=\"text-align: left;\">Ce qui distingue un blues passager d&#8217;un mal plus profond<\/h4>\r\n\r\n\r\n\r\n<p class=\"wp-block-paragraph\" style=\"text-align: left;\">Le blues post-vacances s&#8217;estompe habituellement en quelques jours, \u00e0 mesure qu&#8217;on retrouve ses rep\u00e8res. S&#8217;il persiste, s&#8217;accompagne d&#8217;un \u00e9puisement marqu\u00e9 ou d&#8217;une perte durable d&#8217;int\u00e9r\u00eat, il vaut la peine d&#8217;y pr\u00eater attention et d&#8217;en parler \u00e0 un professionnel de la sant\u00e9, sans se poser de diagnostic soi-m\u00eame.<\/p>\r\n\r\n\r\n\r\n<h3 id=\"reajuster\" class=\"wp-block-heading\" style=\"text-align: left;\">R\u00e9ajuster son rythme en douceur<\/h3>\r\n\r\n\r\n\r\n<p class=\"wp-block-paragraph\" style=\"text-align: left;\">Reprendre le travail \u00e0 pleine vitesse d\u00e8s le premier jour est une source de stress inutile. <em>R\u00e9ajuster son rythme progressivement<\/em> facilite la transition et prot\u00e8ge l&#8217;\u00e9nergie.<\/p>\r\n\r\n\r\n\r\n<h4 class=\"wp-block-heading\" style=\"text-align: left;\">Pr\u00e9parer la reprise avant le premier jour<\/h4>\r\n\r\n\r\n\r\n<ul class=\"wp-block-list\" style=\"text-align: left;\">\r\n<li>Gardez, si possible, une journ\u00e9e tampon entre la fin des vacances et le retour au bureau.<\/li>\r\n\r\n\r\n\r\n<li>D\u00e9calez peu \u00e0 peu l&#8217;heure du lever quelques jours avant la reprise.<\/li>\r\n\r\n\r\n\r\n<li>Pr\u00e9parez la veille les \u00e9l\u00e9ments pratiques : v\u00eatements, transport, repas.<\/li>\r\n\r\n\r\n\r\n<li>\u00c9vitez de planifier une \u00e9ch\u00e9ance majeure d\u00e8s la premi\u00e8re journ\u00e9e.<\/li>\r\n<\/ul>\r\n\r\n\r\n\r\n<h4 class=\"wp-block-heading\" style=\"text-align: left;\">Les premiers jours au travail<\/h4>\r\n\r\n\r\n\r\n<ul class=\"wp-block-list\" style=\"text-align: left;\">\r\n<li>Commencez par les t\u00e2ches simples pour reprendre le rythme sans vous d\u00e9courager.<\/li>\r\n\r\n\r\n\r\n<li>Consacrez du temps \u00e0 trier les courriels plut\u00f4t qu&#8217;\u00e0 tout traiter d&#8217;un coup.<\/li>\r\n\r\n\r\n\r\n<li>M\u00e9nagez de courtes pauses r\u00e9guli\u00e8res pour soutenir la concentration.<\/li>\r\n\r\n\r\n\r\n<li>Fixez-vous des objectifs r\u00e9alistes pour la premi\u00e8re semaine.<\/li>\r\n<\/ul>\r\n\r\n\r\n\r\n<figure class=\"wp-block-table\">\r\n<table>\r\n<thead>\r\n<tr>\r\n<th>Moment<\/th>\r\n<th>Pi\u00e8ge fr\u00e9quent<\/th>\r\n<th>Approche plus douce<\/th>\r\n<\/tr>\r\n<\/thead>\r\n<tbody>\r\n<tr>\r\n<td>Veille du retour<\/td>\r\n<td>Se coucher tard \u00ab une derni\u00e8re fois \u00bb<\/td>\r\n<td>R\u00e9tablir un horaire de sommeil r\u00e9gulier<\/td>\r\n<\/tr>\r\n<tr>\r\n<td>Premier jour<\/td>\r\n<td>Vouloir tout rattraper d&#8217;un coup<\/td>\r\n<td>Trier, prioriser, avancer par \u00e9tapes<\/td>\r\n<\/tr>\r\n<tr>\r\n<td>Premi\u00e8re semaine<\/td>\r\n<td>Accepter toutes les nouvelles demandes<\/td>\r\n<td>Fixer des objectifs r\u00e9alistes<\/td>\r\n<\/tr>\r\n<tr>\r\n<td>Fin de semaine 1<\/td>\r\n<td>Ignorer la fatigue accumul\u00e9e<\/td>\r\n<td>Pr\u00e9voir du repos et des moments plaisants<\/td>\r\n<\/tr>\r\n<\/tbody>\r\n<\/table>\r\n<figcaption class=\"wp-element-caption\">Aper\u00e7u g\u00e9n\u00e9ral \u2014 chaque personne reprend \u00e0 son rythme; ces rep\u00e8res sont des pistes, pas des r\u00e8gles.<\/figcaption>\r\n<\/figure>\r\n\r\n\r\n\r\n<h4 class=\"wp-block-heading\" style=\"text-align: left;\">To remember<\/h4>\r\n\r\n\r\n\r\n<ul class=\"wp-block-list\" style=\"text-align: left;\">\r\n<li>Le blues post-vacances est une r\u00e9action d&#8217;adaptation courante et le plus souvent passag\u00e8re.<\/li>\r\n\r\n\r\n\r\n<li>Une journ\u00e9e tampon avant la reprise facilite la transition.<\/li>\r\n\r\n\r\n\r\n<li>Reprendre progressivement vaut mieux que repartir \u00e0 pleine vitesse.<\/li>\r\n\r\n\r\n\r\n<li>Trier et prioriser \u00e9vite de se noyer sous la charge accumul\u00e9e.<\/li>\r\n\r\n\r\n\r\n<li>De courtes pauses r\u00e9guli\u00e8res soutiennent la concentration et l&#8217;\u00e9nergie.<\/li>\r\n\r\n\r\n\r\n<li>Un mal-\u00eatre qui persiste au-del\u00e0 de quelques jours m\u00e9rite qu&#8217;on en parle \u00e0 un professionnel.<\/li>\r\n<\/ul>\r\n\r\n\r\n\r\n<h3 id=\"sommeil\" class=\"wp-block-heading\" style=\"text-align: left;\">Pr\u00e9server son sommeil et son \u00e9nergie<\/h3>\r\n\r\n\r\n\r\n<p class=\"wp-block-paragraph\" style=\"text-align: left;\">Visit <em>sleep<\/em> est souvent le premier rep\u00e8re bouscul\u00e9 pendant les vacances, et le premier \u00e0 r\u00e9tablir au retour. Un sommeil suffisant et r\u00e9gulier soutient l&#8217;humeur, la concentration et la capacit\u00e9 \u00e0 g\u00e9rer le stress de la reprise.<\/p>\r\n\r\n\r\n\r\n<h4 class=\"wp-block-heading\" style=\"text-align: left;\">Reprendre un horaire de sommeil r\u00e9gulier<\/h4>\r\n\r\n\r\n\r\n<ul class=\"wp-block-list\" style=\"text-align: left;\">\r\n<li>Visez des heures de coucher et de lever stables, m\u00eame la fin de semaine.<\/li>\r\n\r\n\r\n\r\n<li>R\u00e9duisez les \u00e9crans dans l&#8217;heure qui pr\u00e9c\u00e8de le coucher.<\/li>\r\n\r\n\r\n\r\n<li>Limitez la caf\u00e9ine en apr\u00e8s-midi et en soir\u00e9e.<\/li>\r\n\r\n\r\n\r\n<li>Gardez la chambre fra\u00eeche, sombre et calme.<\/li>\r\n<\/ul>\r\n\r\n\r\n\r\n<h4 class=\"wp-block-heading\" style=\"text-align: left;\">Soutenir son \u00e9nergie au quotidien<\/h4>\r\n\r\n\r\n\r\n<ul class=\"wp-block-list\" style=\"text-align: left;\">\r\n<li>Maintenez une activit\u00e9 physique r\u00e9guli\u00e8re, m\u00eame une marche quotidienne.<\/li>\r\n\r\n\r\n\r\n<li>Prenez des repas r\u00e9guliers et une bonne hydratation.<\/li>\r\n\r\n\r\n\r\n<li>Exposez-vous \u00e0 la lumi\u00e8re du jour, surtout le matin.<\/li>\r\n\r\n\r\n\r\n<li>Conservez des moments de plaisir et de d\u00e9tente en dehors du travail.<\/li>\r\n<\/ul>\r\n\r\n\r\n\r\n<p class=\"wp-block-paragraph\" style=\"text-align: left;\">Si les difficult\u00e9s de sommeil se prolongent malgr\u00e9 ces habitudes, il vaut la peine d&#8217;en discuter avec un professionnel de la sant\u00e9. Notre article sur <a href=\"https:\/\/cliniqueomicron.ca\/blogue\/retrouver-sommeil-apres-vacances-quebec\/\">la reprise du sommeil<\/a> offre d&#8217;autres rep\u00e8res pour retrouver des nuits r\u00e9paratrices.<\/p>\r\n\r\n\r\n\r\n<h3 id=\"charge\" class=\"wp-block-heading\" style=\"text-align: left;\">G\u00e9rer la charge de la rentr\u00e9e<\/h3>\r\n\r\n\r\n\r\n<p class=\"wp-block-paragraph\" style=\"text-align: left;\">Visit <em>charge de travail<\/em> qui s&#8217;accumule pendant l&#8217;absence est l&#8217;une des principales sources de stress au retour. La g\u00e9rer m\u00e9thodiquement \u00e9vite le sentiment d&#8217;\u00eatre submerg\u00e9 d\u00e8s les premi\u00e8res heures.<\/p>\r\n\r\n\r\n\r\n<h4 class=\"wp-block-heading\" style=\"text-align: left;\">Prioriser plut\u00f4t que tout faire<\/h4>\r\n\r\n\r\n\r\n<ul class=\"wp-block-list\" style=\"text-align: left;\">\r\n<li>Faites la liste de tout ce qui s&#8217;est accumul\u00e9, sans chercher \u00e0 tout r\u00e9gler.<\/li>\r\n\r\n\r\n\r\n<li>Distinguez l&#8217;urgent de l&#8217;important, et le reste de ce qui peut attendre.<\/li>\r\n\r\n\r\n\r\n<li>Traitez d&#8217;abord quelques dossiers prioritaires pour reprendre pied.<\/li>\r\n\r\n\r\n\r\n<li>Regroupez les petites t\u00e2ches similaires pour gagner en efficacit\u00e9.<\/li>\r\n\r\n\r\n\r\n<li>D\u00e9l\u00e9guez ou reportez ce qui peut l&#8217;\u00eatre, sans culpabiliser.<\/li>\r\n<\/ul>\r\n\r\n\r\n\r\n<h4 class=\"wp-block-heading\" style=\"text-align: left;\">Prot\u00e9ger ses limites<\/h4>\r\n\r\n\r\n\r\n<p class=\"wp-block-paragraph\" style=\"text-align: left;\">Reprendre ne veut pas dire compenser \u00e0 tout prix le temps \u00ab perdu \u00bb. Se donner le droit de dire non \u00e0 une demande de trop, de fermer les notifications hors des heures de travail et de pr\u00e9server ses pauses aide \u00e0 \u00e9viter que la fatigue de la rentr\u00e9e se transforme en \u00e9puisement.<\/p>\r\n\r\n\r\n\r\n<p class=\"wp-block-paragraph\" style=\"text-align: left;\"><strong>Le retour vous p\u00e8se plus qu&#8217;un simple coup de fatigue passager? Parlez-en \u00e0 un professionnel : <a href=\"https:\/\/cliniqueomicron.ca\/rendez-vous\/\">Make an appointment<\/a> sur notre page de rendez-vous, consultez rapidement par <a href=\"https:\/\/cliniqueomicron.ca\/consultation-en-ligne\/\">teleconsultation<\/a> sans vous d\u00e9placer, ou renseignez-vous sur nos <a href=\"https:\/\/cliniqueomicron.ca\/pour-entreprises\/\">services de sant\u00e9 pour entreprises<\/a>.<\/strong><\/p>\r\n\r\n\r\n\r\n<h3 id=\"signes\" class=\"wp-block-heading\" style=\"text-align: left;\">Reconna\u00eetre les signes pr\u00e9coces d&#8217;\u00e9puisement<\/h3>\r\n\r\n\r\n\r\n<p class=\"wp-block-paragraph\" style=\"text-align: left;\">L&#8217;<em>Burnout<\/em> ne surgit pas du jour au lendemain. Il s&#8217;installe progressivement, souvent masqu\u00e9 par la volont\u00e9 de tenir le coup. Rep\u00e9rer les signaux t\u00f4t, notamment au moment sensible de la reprise, permet d&#8217;agir avant le point de rupture. Ces signes invitent \u00e0 consulter, jamais \u00e0 se poser un diagnostic soi-m\u00eame.<\/p>\r\n\r\n\r\n\r\n<h4 class=\"wp-block-heading\" style=\"text-align: left;\">Signes physiques<\/h4>\r\n\r\n\r\n\r\n<ul class=\"wp-block-list\" style=\"text-align: left;\">\r\n<li>Fatigue persistante qui ne s&#8217;am\u00e9liore pas avec le repos.<\/li>\r\n\r\n\r\n\r\n<li>Troubles du sommeil, maux de t\u00eate ou tensions musculaires r\u00e9currents.<\/li>\r\n\r\n\r\n\r\n<li>Baisse d&#8217;\u00e9nergie qui s&#8217;aggrave plut\u00f4t que de s&#8217;att\u00e9nuer avec les semaines.<\/li>\r\n<\/ul>\r\n\r\n\r\n\r\n<h4 class=\"wp-block-heading\" style=\"text-align: left;\">Signes \u00e9motifs et cognitifs<\/h4>\r\n\r\n\r\n\r\n<ul class=\"wp-block-list\" style=\"text-align: left;\">\r\n<li>Irritabilit\u00e9, sentiment d&#8217;\u00eatre d\u00e9pass\u00e9 ou vid\u00e9.<\/li>\r\n\r\n\r\n\r\n<li>Difficult\u00e9s de concentration, oublis, sentiment d&#8217;inefficacit\u00e9.<\/li>\r\n\r\n\r\n\r\n<li>Perte de sens ou de motivation pour un travail autrefois investi.<\/li>\r\n\r\n\r\n\r\n<li>D\u00e9tachement, cynisme ou envie de tout laisser tomber.<\/li>\r\n<\/ul>\r\n\r\n\r\n\r\n<figure class=\"wp-block-table\">\r\n<table>\r\n<thead>\r\n<tr>\r\n<th>Sph\u00e8re<\/th>\r\n<th>Signal pr\u00e9coce<\/th>\r\n<th>Piste d&#8217;action<\/th>\r\n<\/tr>\r\n<\/thead>\r\n<tbody>\r\n<tr>\r\n<td>Physique<\/td>\r\n<td>Fatigue qui persiste malgr\u00e9 le repos<\/td>\r\n<td>En parler \u00e0 un professionnel de la sant\u00e9<\/td>\r\n<\/tr>\r\n<tr>\r\n<td>\u00c9motive<\/td>\r\n<td>Irritabilit\u00e9, sentiment d&#8217;\u00eatre vid\u00e9<\/td>\r\n<td>Chercher du soutien, en parler \u00e0 un proche<\/td>\r\n<\/tr>\r\n<tr>\r\n<td>Cognitive<\/td>\r\n<td>Concentration difficile, oublis<\/td>\r\n<td>All\u00e9ger temporairement la charge<\/td>\r\n<\/tr>\r\n<tr>\r\n<td>Motivationnelle<\/td>\r\n<td>Perte de sens, d\u00e9tachement<\/td>\r\n<td>Faire le point, consulter au besoin<\/td>\r\n<\/tr>\r\n<\/tbody>\r\n<\/table>\r\n<figcaption class=\"wp-element-caption\">Aper\u00e7u g\u00e9n\u00e9ral \u2014 ces signaux invitent \u00e0 demander du soutien, non \u00e0 poser un diagnostic soi-m\u00eame.<\/figcaption>\r\n<\/figure>\r\n\r\n\r\n\r\n<p class=\"wp-block-paragraph\" style=\"text-align: left;\">Un blues de reprise s&#8217;att\u00e9nue en quelques jours. Des signaux qui s&#8217;installent, s&#8217;intensifient et nuisent au fonctionnement quotidien m\u00e9ritent d&#8217;\u00eatre pris au s\u00e9rieux et abord\u00e9s avec un professionnel de la sant\u00e9.<\/p>\r\n\r\n\r\n\r\n<h3 id=\"aide\" class=\"wp-block-heading\" style=\"text-align: left;\">Quand et comment demander de l&#8217;aide<\/h3>\r\n\r\n\r\n\r\n<p class=\"wp-block-paragraph\" style=\"text-align: left;\">Demander de l&#8217;aide n&#8217;est pas un aveu de faiblesse. C&#8217;est une fa\u00e7on de pr\u00e9server sa sant\u00e9 et sa capacit\u00e9 \u00e0 travailler dans la dur\u00e9e. Plusieurs <em>resources<\/em> existent au Qu\u00e9bec, souvent gratuites et confidentielles.<\/p>\r\n\r\n\r\n\r\n<h4 class=\"wp-block-heading\" style=\"text-align: left;\">Des signaux qui invitent \u00e0 consulter<\/h4>\r\n\r\n\r\n\r\n<ul class=\"wp-block-list\" style=\"text-align: left;\">\r\n<li>Un mal-\u00eatre qui persiste bien au-del\u00e0 des premiers jours de reprise.<\/li>\r\n\r\n\r\n\r\n<li>Une fatigue ou une d\u00e9tresse qui nuisent au sommeil, au travail ou \u00e0 la vie de tous les jours.<\/li>\r\n\r\n\r\n\r\n<li>Une perte durable d&#8217;int\u00e9r\u00eat ou de plaisir, une tristesse qui s&#8217;installe.<\/li>\r\n\r\n\r\n\r\n<li>Le sentiment de ne plus arriver \u00e0 faire face, malgr\u00e9 ses efforts.<\/li>\r\n<\/ul>\r\n\r\n\r\n\r\n<h4 class=\"wp-block-heading\" style=\"text-align: left;\">Vers qui se tourner<\/h4>\r\n\r\n\r\n\r\n<p class=\"wp-block-paragraph\" style=\"text-align: left;\">On peut en parler \u00e0 son m\u00e9decin, \u00e0 un professionnel de la sant\u00e9 ou \u00e0 une ressource en sant\u00e9 psychologique. Un programme d&#8217;aide aux employ\u00e9s, lorsqu&#8217;il existe, offre un soutien confidentiel. Notre article sur <a href=\"https:\/\/cliniqueomicron.ca\/blogue\/teleconsultation-medicale-quebec\/\">la sant\u00e9 mentale et la t\u00e9l\u00e9consultation<\/a> pr\u00e9sente d&#8217;autres fa\u00e7ons d&#8217;obtenir de l&#8217;aide, parfois sans m\u00eame se d\u00e9placer. En cas de d\u00e9tresse importante, des lignes d&#8217;\u00e9coute sont accessibles en tout temps.<\/p>\r\n\r\n\r\n\r\n<h3 id=\"milieu\" class=\"wp-block-heading\" style=\"text-align: left;\">Le r\u00f4le du milieu de travail<\/h3>\r\n\r\n\r\n\r\n<p class=\"wp-block-paragraph\" style=\"text-align: left;\">Visit <em>sant\u00e9 psychologique au travail<\/em> n&#8217;est pas qu&#8217;une affaire individuelle. Au Qu\u00e9bec, l&#8217;organisation du travail a une part de responsabilit\u00e9 dans la pr\u00e9vention des risques qui touchent la sant\u00e9 psychologique, au m\u00eame titre que les risques physiques (CNESST).<\/p>\r\n\r\n\r\n\r\n<ul class=\"wp-block-list\" style=\"text-align: left;\">\r\n<li>Une charge de travail raisonnable et une reprise \u00e9chelonn\u00e9e apr\u00e8s un cong\u00e9.<\/li>\r\n\r\n\r\n\r\n<li>Des attentes claires et un soutien de la part des gestionnaires.<\/li>\r\n\r\n\r\n\r\n<li>Le respect des temps de repos et du droit \u00e0 la d\u00e9connexion.<\/li>\r\n\r\n\r\n\r\n<li>Un climat o\u00f9 l&#8217;on peut parler de sa fatigue sans crainte de jugement.<\/li>\r\n<\/ul>\r\n\r\n\r\n\r\n<p class=\"wp-block-paragraph\" style=\"text-align: left;\">Ouvrir le dialogue avec son gestionnaire sur une reprise r\u00e9aliste fait partie des d\u00e9marches l\u00e9gitimes. La pr\u00e9vention de l&#8217;\u00e9puisement se joue autant du c\u00f4t\u00e9 de la personne que de celui du milieu de travail. Pour les employeurs, structurer cet accompagnement s&#8217;inscrit dans une d\u00e9marche de <a href=\"https:\/\/cliniqueomicron.ca\/pour-entreprises\/\">sant\u00e9 organisationnelle<\/a>.<\/p>\r\n\r\n\r\n\r\n<h3 id=\"mythes\" class=\"wp-block-heading\" style=\"text-align: left;\">Myths and misconceptions<\/h3>\r\n\r\n\r\n\r\n<h4 class=\"wp-block-heading\" style=\"text-align: left;\">Le blues post-vacances, c&#8217;est juste un manque de volont\u00e9<\/h4>\r\n\r\n\r\n\r\n<p class=\"wp-block-paragraph\" style=\"text-align: left;\"><strong>False.<\/strong> C&#8217;est une r\u00e9action d&#8217;adaptation normale au changement de rythme. Elle n&#8217;a rien \u00e0 voir avec le manque de volont\u00e9 et s&#8217;estompe g\u00e9n\u00e9ralement en quelques jours.<\/p>\r\n\r\n\r\n\r\n<h4 class=\"wp-block-heading\" style=\"text-align: left;\">Il faut rattraper tout le retard d\u00e8s la premi\u00e8re journ\u00e9e<\/h4>\r\n\r\n\r\n\r\n<p class=\"wp-block-paragraph\" style=\"text-align: left;\"><strong>False.<\/strong> Vouloir tout r\u00e9gler d&#8217;un coup augmente le stress et la fatigue. Trier, prioriser et avancer par \u00e9tapes est plus efficace et plus soutenable.<\/p>\r\n\r\n\r\n\r\n<h4 class=\"wp-block-heading\" style=\"text-align: left;\">Les vacances suffisent \u00e0 pr\u00e9venir l&#8217;\u00e9puisement professionnel<\/h4>\r\n\r\n\r\n\r\n<p class=\"wp-block-paragraph\" style=\"text-align: left;\"><strong>Nuanced.<\/strong> Un cong\u00e9 aide \u00e0 r\u00e9cup\u00e9rer, mais il ne r\u00e8gle pas \u00e0 lui seul une surcharge chronique. Si les conditions de travail restent trop lourdes, la fatigue peut revenir rapidement.<\/p>\r\n\r\n\r\n\r\n<h4 class=\"wp-block-heading\" style=\"text-align: left;\">Se sentir d\u00e9prim\u00e9 au retour est toujours banal<\/h4>\r\n\r\n\r\n\r\n<p class=\"wp-block-paragraph\" style=\"text-align: left;\"><strong>Nuanced.<\/strong> Un l\u00e9ger creux passager est courant. Mais un mal-\u00eatre qui persiste, s&#8217;intensifie ou nuit au quotidien m\u00e9rite qu&#8217;on en parle \u00e0 un professionnel de la sant\u00e9.<\/p>\r\n\r\n\r\n\r\n<h4 class=\"wp-block-heading\" style=\"text-align: left;\">Demander de l&#8217;aide, c&#8217;est montrer qu&#8217;on n&#8217;est pas \u00e0 la hauteur<\/h4>\r\n\r\n\r\n\r\n<p class=\"wp-block-paragraph\" style=\"text-align: left;\"><strong>False.<\/strong> Chercher du soutien est un geste lucide qui prot\u00e8ge la sant\u00e9. C&#8217;est ce qui permet, justement, de tenir le coup dans la dur\u00e9e.<\/p>\r\n\r\n\r\n\r\n<h3 id=\"faq\" class=\"wp-block-heading\" style=\"text-align: left;\">Frequently asked questions<\/h3>\r\n\r\n\r\n\r\n<h4 class=\"wp-block-heading\" style=\"text-align: left;\">Combien de temps dure le blues post-vacances?<\/h4>\r\n\r\n\r\n\r\n<p class=\"wp-block-paragraph\" style=\"text-align: left;\">Le plus souvent quelques jours, le temps de retrouver ses rep\u00e8res et son rythme. S&#8217;il persiste au-del\u00e0, s&#8217;intensifie ou s&#8217;accompagne d&#8217;un \u00e9puisement marqu\u00e9, il vaut la peine d&#8217;en parler \u00e0 un professionnel de la sant\u00e9.<\/p>\r\n\r\n\r\n\r\n<h4 class=\"wp-block-heading\" style=\"text-align: left;\">Comment reprendre le travail sans stress apr\u00e8s les vacances?<\/h4>\r\n\r\n\r\n\r\n<p class=\"wp-block-paragraph\" style=\"text-align: left;\">En r\u00e9ajustant son rythme progressivement, en r\u00e9tablissant un horaire de sommeil r\u00e9gulier, en triant et priorisant les t\u00e2ches accumul\u00e9es, et en se fixant des objectifs r\u00e9alistes pour la premi\u00e8re semaine plut\u00f4t que de tout vouloir rattraper d&#8217;un coup.<\/p>\r\n\r\n\r\n\r\n<h4 class=\"wp-block-heading\" style=\"text-align: left;\">Comment retrouver un bon sommeil au retour des vacances?<\/h4>\r\n\r\n\r\n\r\n<p class=\"wp-block-paragraph\" style=\"text-align: left;\">En r\u00e9tablissant des heures de coucher et de lever stables, en r\u00e9duisant les \u00e9crans avant le coucher, en limitant la caf\u00e9ine en fin de journ\u00e9e et en s&#8217;exposant \u00e0 la lumi\u00e8re du jour le matin. Si les difficult\u00e9s persistent, il vaut mieux en discuter avec un professionnel.<\/p>\r\n\r\n\r\n\r\n<h4 class=\"wp-block-heading\" style=\"text-align: left;\">Quels sont les signes pr\u00e9coces d&#8217;\u00e9puisement professionnel?<\/h4>\r\n\r\n\r\n\r\n<p class=\"wp-block-paragraph\" style=\"text-align: left;\">Une fatigue persistante malgr\u00e9 le repos, des difficult\u00e9s de concentration, de l&#8217;irritabilit\u00e9, une perte de sens ou de motivation et un d\u00e9tachement envers le travail figurent parmi les signaux fr\u00e9quents. Ils invitent \u00e0 demander du soutien, pas \u00e0 poser un diagnostic soi-m\u00eame.<\/p>\r\n\r\n\r\n\r\n<h4 class=\"wp-block-heading\" style=\"text-align: left;\">Quand faut-il consulter apr\u00e8s un retour au travail difficile?<\/h4>\r\n\r\n\r\n\r\n<p class=\"wp-block-paragraph\" style=\"text-align: left;\">Lorsque le mal-\u00eatre persiste bien au-del\u00e0 des premiers jours, qu&#8217;il nuit au sommeil, au travail ou \u00e0 la vie quotidienne, ou qu&#8217;il s&#8217;accompagne d&#8217;une tristesse ou d&#8217;une perte d&#8217;int\u00e9r\u00eat durables. Un professionnel de la sant\u00e9 peut alors orienter vers un accompagnement adapt\u00e9.<\/p>\r\n\r\n\r\n\r\n<h4 class=\"wp-block-heading\" style=\"text-align: left;\">Le milieu de travail a-t-il un r\u00f4le \u00e0 jouer?<\/h4>\r\n\r\n\r\n\r\n<p class=\"wp-block-paragraph\" style=\"text-align: left;\">Oui. La pr\u00e9vention des risques pour la sant\u00e9 psychologique rel\u00e8ve aussi de l&#8217;organisation du travail : charge raisonnable, reprise \u00e9chelonn\u00e9e, attentes claires, respect des temps de repos et climat o\u00f9 l&#8217;on peut parler de sa fatigue sans crainte.<\/p>\r\n\r\n\r\n\r\n<h3 class=\"wp-block-heading\" style=\"text-align: left;\">Sources<\/h3>\r\n\r\n\r\n\r\n<ol class=\"wp-block-list\" style=\"text-align: left;\">\r\n<li>Mouvement Sant\u00e9 mentale Qu\u00e9bec \u2014 <a href=\"https:\/\/mouvementsmq.ca\" target=\"_blank\" rel=\"nofollow noopener\">mouvementsmq.ca<\/a><\/li>\r\n\r\n\r\n\r\n<li>Commission des normes, de l&#8217;\u00e9quit\u00e9, de la sant\u00e9 et de la s\u00e9curit\u00e9 du travail (CNESST) \u2014 Sant\u00e9 psychologique au travail \u2014 <a href=\"https:\/\/www.cnesst.gouv.qc.ca\" target=\"_blank\" rel=\"nofollow noopener\">cnesst.gouv.qc.ca<\/a><\/li>\r\n\r\n\r\n\r\n<li>Institut national de sant\u00e9 publique du Qu\u00e9bec (INSPQ) \u2014 Sant\u00e9 mentale au travail \u2014 <a href=\"https:\/\/www.inspq.qc.ca\" target=\"_blank\" rel=\"nofollow noopener\">inspq.qc.ca<\/a><\/li>\r\n\r\n\r\n\r\n<li>Minist\u00e8re de la Sant\u00e9 et des Services sociaux \u2014 Sant\u00e9 mentale \u2014 <a href=\"https:\/\/www.msss.gouv.qc.ca\" target=\"_blank\" rel=\"nofollow noopener\">msss.gouv.qc.ca<\/a><\/li>\r\n\r\n\r\n\r\n<li>Portail Qu\u00e9bec.ca \u2014 Sant\u00e9 mentale et bien-\u00eatre \u2014 <a href=\"https:\/\/www.quebec.ca\" target=\"_blank\" rel=\"nofollow noopener\">quebec.ca<\/a><\/li>\r\n<\/ol>\r\n<p><blockquote class=\"wp-embedded-content\" data-secret=\"I0Qzwu1Jww\"><a href=\"https:\/\/cliniqueomicron.ca\/consultation-medicale\/\">Medical consultation | Clinique Omicron<\/a><\/blockquote><iframe class=\"wp-embedded-content\" sandbox=\"allow-scripts\" security=\"restricted\" style=\"position: absolute; visibility: hidden;\" title=\"\u00ab| Clinique Omicron \u00bb - Clinique Omicron\" src=\"https:\/\/cliniqueomicron.ca\/consultation-medicale\/embed\/#?secret=82DoEXXzUn#?secret=I0Qzwu1Jww\" data-secret=\"I0Qzwu1Jww\" width=\"600\" height=\"338\" frameborder=\"0\" marginwidth=\"0\" marginheight=\"0\" scrolling=\"no\"><\/iframe><\/p>","protected":false},"excerpt":{"rendered":"<p>Apr\u00e8s quelques semaines de cong\u00e9 estival, reprendre le collier peut se r\u00e9v\u00e9ler plus difficile qu&#8217;on ne l&#8217;imagine. Le retour au travail apr\u00e8s les vacances s&#8217;accompagne souvent d&#8217;une baisse d&#8217;\u00e9nergie, d&#8217;un moral en dents de scie et d&#8217;une pile de t\u00e2ches qui semble insurmontable. C&#8217;est une r\u00e9action courante, la plupart du temps passag\u00e8re. Cet article propose&hellip;&nbsp;<a href=\"https:\/\/cliniqueomicron.ca\/en\/blogue-retour-au-travail-apres-vacances-eviter-epuisement-quebec\/\" rel=\"bookmark\">Read More \"<span class=\"screen-reader-text\">Retour au travail apr\u00e8s les vacances : \u00e9viter l&#8217;\u00e9puisement<\/span><\/a><\/p>","protected":false},"author":8,"featured_media":36909,"comment_status":"closed","ping_status":"closed","sticky":false,"template":"","format":"standard","meta":{"om_disable_all_campaigns":false,"neve_meta_sidebar":"","neve_meta_container":"","neve_meta_enable_content_width":"off","neve_meta_content_width":70,"neve_meta_title_alignment":"","neve_meta_author_avatar":"","neve_post_elements_order":"","neve_meta_disable_header":"","neve_meta_disable_footer":"","neve_meta_disable_title":"","_themeisle_gutenberg_block_has_review":false,"_metasync_otto_title":"","_metasync_otto_description":"","_metasync_otto_keywords":"","_metasync_otto_og_title":"","_metasync_otto_og_description":"","_metasync_otto_twitter_title":"","_metasync_otto_twitter_description":"","rank_math_title":"","rank_math_description":"","_yoast_wpseo_title":"Retour au travail apr\u00e8s les vacances : \u00e9viter l'\u00e9puisement","_yoast_wpseo_metadesc":"Blues post-vacances, rythme, sommeil et charge de la rentr\u00e9e : des rep\u00e8res concrets pour un retour au travail apr\u00e8s les vacances sans s'\u00e9puiser.","_aioseo_title":null,"_aioseo_description":null,"_metasync_seo_title":"","_metasync_seo_desc":"","_metasync_breadcrumb_title":"","_metasync_primary_category":0,"_metasync_primary_product_cat":0,"_metasync_otto_disabled":"","_metasync_hreflang":"","_metasync_plugin_sync_ts":"{\"aioseo\":\"2026-07-12T05:44:15+00:00\"}","_metasync_robots_advanced":"","footnotes":""},"categories":[2042,66,69],"tags":[2271,688,2273,695,1780,2272,456],"class_list":["post-36702","post","type-post","status-publish","format-standard","has-post-thumbnail","hentry","category-engagement-communautaire","category-faq-mythes-sante","category-sante-bien-etre","tag-blues-post-vacances","tag-epuisement-professionnel","tag-rentree","tag-retour-au-travail","tag-sante-mentale-au-travail","tag-sante-psychologique-au-travail","tag-sommeil"],"aioseo_notices":[],"aioseo_head":"\n\t\t<!-- All in One SEO Pro 5.0.1.1 - aioseo.com -->\n\t<meta name=\"description\" content=\"Apr\u00e8s quelques semaines de cong\u00e9 estival, reprendre le collier peut se r\u00e9v\u00e9ler plus difficile qu&#039;on ne l&#039;imagine. Le retour au travail apr\u00e8s les vacances s&#039;accompagne souvent d&#039;une baisse d&#039;\u00e9nergie, d&#039;un moral en dents de scie et d&#039;une pile de t\u00e2ches qui semble insurmontable. C&#039;est une r\u00e9action courante, la plupart du temps passag\u00e8re. Cet article propose\" \/>\n\t<meta name=\"robots\" content=\"max-snippet:-1, max-image-preview:large, max-video-preview:-1\" \/>\n\t<meta name=\"author\" content=\"Genevi\u00e8ve Dostie\"\/>\n\t<meta name=\"google-site-verification\" content=\"yYDMZv-nme7Cg-KrW5GmEWceBTrCDv8zhSkkXdJSnyM\" \/>\n\t<meta name=\"msvalidate.01\" content=\"3225E6935FC4F40C7DDCE56C37141BA8\" \/>\n\t<link rel=\"canonical\" href=\"https:\/\/cliniqueomicron.ca\/en\/blogue-retour-au-travail-apres-vacances-eviter-epuisement-quebec\/\" \/>\n\t<meta name=\"generator\" content=\"All in One SEO Pro (AIOSEO) 5.0.1.1\" \/>\n\t\t<meta property=\"og:locale\" content=\"en_US\" \/>\n\t\t<meta property=\"og:site_name\" content=\"Clinique Omicron - Clinique M\u00e9dicale\" \/>\n\t\t<meta property=\"og:type\" content=\"article\" \/>\n\t\t<meta property=\"og:title\" content=\"Retour au travail apr\u00e8s les vacances : \u00e9viter l&#039;\u00e9puisement\" \/>\n\t\t<meta property=\"og:description\" content=\"Apr\u00e8s quelques semaines de cong\u00e9 estival, reprendre le collier peut se r\u00e9v\u00e9ler plus difficile qu&#039;on ne l&#039;imagine. Le retour au travail apr\u00e8s les vacances s&#039;accompagne souvent d&#039;une baisse d&#039;\u00e9nergie, d&#039;un...\" \/>\n\t\t<meta property=\"og:url\" content=\"https:\/\/cliniqueomicron.ca\/en\/blogue-retour-au-travail-apres-vacances-eviter-epuisement-quebec\/\" \/>\n\t\t<meta property=\"og:image\" content=\"https:\/\/cliniqueomicron.ca\/wp-content\/uploads\/2026\/07\/Copie-de-Copie-de-Copie-de-Copie-de-Copie-de-Copie-de-Copie-de-Copie-de-Copie-de-Copie-de-Copie-de-Red-and-Black-Minimalist-Motivational-Quote-Facebook-Post-Banniere-de-blogue-scaled.webp\" \/>\n\t\t<meta property=\"og:image:secure_url\" content=\"https:\/\/cliniqueomicron.ca\/wp-content\/uploads\/2026\/07\/Copie-de-Copie-de-Copie-de-Copie-de-Copie-de-Copie-de-Copie-de-Copie-de-Copie-de-Copie-de-Copie-de-Red-and-Black-Minimalist-Motivational-Quote-Facebook-Post-Banniere-de-blogue-scaled.webp\" \/>\n\t\t<meta property=\"article:published_time\" content=\"2026-08-31T12:33:45+00:00\" \/>\n\t\t<meta property=\"article:modified_time\" content=\"2026-07-12T05:44:09+00:00\" \/>\n\t\t<meta property=\"article:publisher\" content=\"https:\/\/www.facebook.com\/cliniqueomicron\" \/>\n\t\t<meta name=\"twitter:card\" content=\"summary_large_image\" \/>\n\t\t<meta name=\"twitter:site\" content=\"@CliniqueOmicron\" \/>\n\t\t<meta name=\"twitter:title\" content=\"Retour au travail apr\u00e8s les vacances : \u00e9viter l&#039;\u00e9puisement\" \/>\n\t\t<meta name=\"twitter:description\" content=\"Apr\u00e8s quelques semaines de cong\u00e9 estival, reprendre le collier peut se r\u00e9v\u00e9ler plus difficile qu&#039;on ne l&#039;imagine. Le retour au travail apr\u00e8s les vacances s&#039;accompagne souvent d&#039;une baisse d&#039;\u00e9nergie, d&#039;un...\" \/>\n\t\t<meta name=\"twitter:creator\" content=\"@CliniqueOmicron\" \/>\n\t\t<meta name=\"twitter:image\" content=\"https:\/\/cliniqueomicron.ca\/wp-content\/uploads\/2026\/07\/Copie-de-Copie-de-Copie-de-Copie-de-Copie-de-Copie-de-Copie-de-Copie-de-Copie-de-Copie-de-Copie-de-Red-and-Black-Minimalist-Motivational-Quote-Facebook-Post-Banniere-de-blogue-scaled.webp\" \/>\n\t\t<script type=\"application\/ld+json\" class=\"aioseo-schema\">\n\t\t\t{\"@context\":\"https:\\\/\\\/schema.org\",\"@graph\":[{\"@type\":\"BlogPosting\",\"@id\":\"https:\\\/\\\/cliniqueomicron.ca\\\/en\\\/blogue-retour-au-travail-apres-vacances-eviter-epuisement-quebec\\\/#blogposting\",\"name\":\"Retour au travail apr\\u00e8s les vacances : \\u00e9viter l\\u2019\\u00e9puisement - Clinique Omicron\",\"headline\":\"Retour au travail apr\\u00e8s les vacances : \\u00e9viter l&#8217;\\u00e9puisement\",\"author\":{\"@id\":\"https:\\\/\\\/cliniqueomicron.ca\\\/en\\\/author\\\/genevieve-dostie\\\/#author\"},\"publisher\":{\"@id\":\"https:\\\/\\\/cliniqueomicron.ca\\\/en\\\/#organization\"},\"image\":{\"@type\":\"ImageObject\",\"url\":\"https:\\\/\\\/cliniqueomicron.ca\\\/wp-content\\\/uploads\\\/2026\\\/07\\\/Copie-de-Copie-de-Copie-de-Copie-de-Copie-de-Copie-de-Copie-de-Copie-de-Copie-de-Copie-de-Copie-de-Red-and-Black-Minimalist-Motivational-Quote-Facebook-Post-Banniere-de-blogue-scaled.webp\",\"width\":1920,\"height\":1080},\"datePublished\":\"2026-08-31T08:33:45-04:00\",\"dateModified\":\"2026-07-12T01:44:09-04:00\",\"inLanguage\":\"en-CA\",\"mainEntityOfPage\":{\"@id\":\"https:\\\/\\\/cliniqueomicron.ca\\\/en\\\/blogue-retour-au-travail-apres-vacances-eviter-epuisement-quebec\\\/#webpage\"},\"isPartOf\":{\"@id\":\"https:\\\/\\\/cliniqueomicron.ca\\\/en\\\/blogue-retour-au-travail-apres-vacances-eviter-epuisement-quebec\\\/#webpage\"},\"articleSection\":\"Engagement communautaire, FAQs patient &amp; mythes sant\\u00e9, Sant\\u00e9 et bien-\\u00eatre, blues post-vacances, \\u00e9puisement professionnel, rentr\\u00e9e, retour au travail, sant\\u00e9 mentale au travail, sant\\u00e9 psychologique au travail, sommeil\"},{\"@type\":\"BreadcrumbList\",\"@id\":\"https:\\\/\\\/cliniqueomicron.ca\\\/en\\\/blogue-retour-au-travail-apres-vacances-eviter-epuisement-quebec\\\/#breadcrumblist\",\"itemListElement\":[{\"@type\":\"ListItem\",\"@id\":\"https:\\\/\\\/cliniqueomicron.ca\\\/en#listItem\",\"position\":1,\"name\":\"Accueil\",\"item\":\"https:\\\/\\\/cliniqueomicron.ca\\\/en\",\"nextItem\":{\"@type\":\"ListItem\",\"@id\":\"https:\\\/\\\/cliniqueomicron.ca\\\/en\\\/category\\\/faq-mythes-sante\\\/#listItem\",\"name\":\"FAQs patient &amp; mythes sant\\u00e9\"}},{\"@type\":\"ListItem\",\"@id\":\"https:\\\/\\\/cliniqueomicron.ca\\\/en\\\/category\\\/faq-mythes-sante\\\/#listItem\",\"position\":2,\"name\":\"FAQs patient &amp; mythes sant\\u00e9\",\"item\":\"https:\\\/\\\/cliniqueomicron.ca\\\/en\\\/category\\\/faq-mythes-sante\\\/\",\"nextItem\":{\"@type\":\"ListItem\",\"@id\":\"https:\\\/\\\/cliniqueomicron.ca\\\/en\\\/blogue-retour-au-travail-apres-vacances-eviter-epuisement-quebec\\\/#listItem\",\"name\":\"Retour au travail apr\\u00e8s les vacances : \\u00e9viter l&#8217;\\u00e9puisement\"},\"previousItem\":{\"@type\":\"ListItem\",\"@id\":\"https:\\\/\\\/cliniqueomicron.ca\\\/en#listItem\",\"name\":\"Accueil\"}},{\"@type\":\"ListItem\",\"@id\":\"https:\\\/\\\/cliniqueomicron.ca\\\/en\\\/blogue-retour-au-travail-apres-vacances-eviter-epuisement-quebec\\\/#listItem\",\"position\":3,\"name\":\"Retour au travail apr\\u00e8s les vacances : \\u00e9viter l&#8217;\\u00e9puisement\",\"previousItem\":{\"@type\":\"ListItem\",\"@id\":\"https:\\\/\\\/cliniqueomicron.ca\\\/en\\\/category\\\/faq-mythes-sante\\\/#listItem\",\"name\":\"FAQs patient &amp; mythes sant\\u00e9\"}}]},{\"@type\":\"Person\",\"@id\":\"https:\\\/\\\/cliniqueomicron.ca\\\/en\\\/author\\\/genevieve-dostie\\\/#author\",\"url\":\"https:\\\/\\\/cliniqueomicron.ca\\\/en\\\/author\\\/genevieve-dostie\\\/\",\"name\":\"Genevi\\u00e8ve Dostie\",\"image\":{\"@type\":\"ImageObject\",\"@id\":\"https:\\\/\\\/cliniqueomicron.ca\\\/en\\\/blogue-retour-au-travail-apres-vacances-eviter-epuisement-quebec\\\/#authorImage\",\"url\":\"https:\\\/\\\/secure.gravatar.com\\\/avatar\\\/44b79b58d2318c1144ca1ee03f088070daafb21cd70d44772f74d8280b5047d2?s=96&d=mm&r=g\",\"width\":96,\"height\":96,\"caption\":\"Genevi\\u00e8ve Dostie\"}},{\"@type\":\"WebPage\",\"@id\":\"https:\\\/\\\/cliniqueomicron.ca\\\/en\\\/blogue-retour-au-travail-apres-vacances-eviter-epuisement-quebec\\\/#webpage\",\"url\":\"https:\\\/\\\/cliniqueomicron.ca\\\/en\\\/blogue-retour-au-travail-apres-vacances-eviter-epuisement-quebec\\\/\",\"name\":\"Retour au travail apr\\u00e8s les vacances : \\u00e9viter l\\u2019\\u00e9puisement - Clinique Omicron\",\"description\":\"Apr\\u00e8s quelques semaines de cong\\u00e9 estival, reprendre le collier peut se r\\u00e9v\\u00e9ler plus difficile qu'on ne l'imagine. Le retour au travail apr\\u00e8s les vacances s'accompagne souvent d'une baisse d'\\u00e9nergie, d'un moral en dents de scie et d'une pile de t\\u00e2ches qui semble insurmontable. C'est une r\\u00e9action courante, la plupart du temps passag\\u00e8re. Cet article propose\",\"inLanguage\":\"en-CA\",\"isPartOf\":{\"@id\":\"https:\\\/\\\/cliniqueomicron.ca\\\/en\\\/#website\"},\"breadcrumb\":{\"@id\":\"https:\\\/\\\/cliniqueomicron.ca\\\/en\\\/blogue-retour-au-travail-apres-vacances-eviter-epuisement-quebec\\\/#breadcrumblist\"},\"author\":{\"@id\":\"https:\\\/\\\/cliniqueomicron.ca\\\/en\\\/author\\\/genevieve-dostie\\\/#author\"},\"creator\":{\"@id\":\"https:\\\/\\\/cliniqueomicron.ca\\\/en\\\/author\\\/genevieve-dostie\\\/#author\"},\"image\":{\"@type\":\"ImageObject\",\"url\":\"https:\\\/\\\/cliniqueomicron.ca\\\/wp-content\\\/uploads\\\/2026\\\/07\\\/Copie-de-Copie-de-Copie-de-Copie-de-Copie-de-Copie-de-Copie-de-Copie-de-Copie-de-Copie-de-Copie-de-Red-and-Black-Minimalist-Motivational-Quote-Facebook-Post-Banniere-de-blogue-scaled.webp\",\"@id\":\"https:\\\/\\\/cliniqueomicron.ca\\\/en\\\/blogue-retour-au-travail-apres-vacances-eviter-epuisement-quebec\\\/#mainImage\",\"width\":1920,\"height\":1080},\"primaryImageOfPage\":{\"@id\":\"https:\\\/\\\/cliniqueomicron.ca\\\/en\\\/blogue-retour-au-travail-apres-vacances-eviter-epuisement-quebec\\\/#mainImage\"},\"datePublished\":\"2026-08-31T08:33:45-04:00\",\"dateModified\":\"2026-07-12T01:44:09-04:00\"},{\"@type\":\"WebSite\",\"@id\":\"https:\\\/\\\/cliniqueomicron.ca\\\/en\\\/#website\",\"url\":\"https:\\\/\\\/cliniqueomicron.ca\\\/en\\\/\",\"name\":\"Clinique Omicron\",\"description\":\"Clinique M\\u00e9dicale\",\"inLanguage\":\"en-CA\",\"publisher\":{\"@id\":\"https:\\\/\\\/cliniqueomicron.ca\\\/en\\\/#organization\"}}]}\n\t\t<\/script>\n\t\t<!-- All in One SEO Pro -->\r\n\t\t<title>Retour au travail apr\u00e8s les vacances : \u00e9viter l\u2019\u00e9puisement - Clinique Omicron<\/title>\n\n","aioseo_head_json":{"title":"Retour au travail apr\u00e8s les vacances : \u00e9viter l\u2019\u00e9puisement - Clinique Omicron","description":"Apr\u00e8s quelques semaines de cong\u00e9 estival, reprendre le collier peut se r\u00e9v\u00e9ler plus difficile qu'on ne l'imagine. Le retour au travail apr\u00e8s les vacances s'accompagne souvent d'une baisse d'\u00e9nergie, d'un moral en dents de scie et d'une pile de t\u00e2ches qui semble insurmontable. C'est une r\u00e9action courante, la plupart du temps passag\u00e8re. Cet article propose","canonical_url":"https:\/\/cliniqueomicron.ca\/en\/blogue-retour-au-travail-apres-vacances-eviter-epuisement-quebec\/","robots":"max-snippet:-1, max-image-preview:large, max-video-preview:-1","keywords":"","webmasterTools":{"google-site-verification":"yYDMZv-nme7Cg-KrW5GmEWceBTrCDv8zhSkkXdJSnyM","msvalidate.01":"3225E6935FC4F40C7DDCE56C37141BA8","miscellaneous":""},"schema":{"@context":"https:\/\/schema.org","@graph":[{"@type":"BlogPosting","@id":"https:\/\/cliniqueomicron.ca\/en\/blogue-retour-au-travail-apres-vacances-eviter-epuisement-quebec\/#blogposting","name":"Retour au travail apr\u00e8s les vacances : \u00e9viter l\u2019\u00e9puisement - Clinique Omicron","headline":"Retour au travail apr\u00e8s les vacances : \u00e9viter l&#8217;\u00e9puisement","author":{"@id":"https:\/\/cliniqueomicron.ca\/en\/author\/genevieve-dostie\/#author"},"publisher":{"@id":"https:\/\/cliniqueomicron.ca\/en\/#organization"},"image":{"@type":"ImageObject","url":"https:\/\/cliniqueomicron.ca\/wp-content\/uploads\/2026\/07\/Copie-de-Copie-de-Copie-de-Copie-de-Copie-de-Copie-de-Copie-de-Copie-de-Copie-de-Copie-de-Copie-de-Red-and-Black-Minimalist-Motivational-Quote-Facebook-Post-Banniere-de-blogue-scaled.webp","width":1920,"height":1080},"datePublished":"2026-08-31T08:33:45-04:00","dateModified":"2026-07-12T01:44:09-04:00","inLanguage":"en-CA","mainEntityOfPage":{"@id":"https:\/\/cliniqueomicron.ca\/en\/blogue-retour-au-travail-apres-vacances-eviter-epuisement-quebec\/#webpage"},"isPartOf":{"@id":"https:\/\/cliniqueomicron.ca\/en\/blogue-retour-au-travail-apres-vacances-eviter-epuisement-quebec\/#webpage"},"articleSection":"Engagement communautaire, FAQs patient &amp; mythes sant\u00e9, Sant\u00e9 et bien-\u00eatre, blues post-vacances, \u00e9puisement professionnel, rentr\u00e9e, retour au travail, sant\u00e9 mentale au travail, sant\u00e9 psychologique au travail, sommeil"},{"@type":"BreadcrumbList","@id":"https:\/\/cliniqueomicron.ca\/en\/blogue-retour-au-travail-apres-vacances-eviter-epuisement-quebec\/#breadcrumblist","itemListElement":[{"@type":"ListItem","@id":"https:\/\/cliniqueomicron.ca\/en#listItem","position":1,"name":"Accueil","item":"https:\/\/cliniqueomicron.ca\/en","nextItem":{"@type":"ListItem","@id":"https:\/\/cliniqueomicron.ca\/en\/category\/faq-mythes-sante\/#listItem","name":"FAQs patient &amp; mythes sant\u00e9"}},{"@type":"ListItem","@id":"https:\/\/cliniqueomicron.ca\/en\/category\/faq-mythes-sante\/#listItem","position":2,"name":"FAQs patient &amp; mythes sant\u00e9","item":"https:\/\/cliniqueomicron.ca\/en\/category\/faq-mythes-sante\/","nextItem":{"@type":"ListItem","@id":"https:\/\/cliniqueomicron.ca\/en\/blogue-retour-au-travail-apres-vacances-eviter-epuisement-quebec\/#listItem","name":"Retour au travail apr\u00e8s les vacances : \u00e9viter l&#8217;\u00e9puisement"},"previousItem":{"@type":"ListItem","@id":"https:\/\/cliniqueomicron.ca\/en#listItem","name":"Accueil"}},{"@type":"ListItem","@id":"https:\/\/cliniqueomicron.ca\/en\/blogue-retour-au-travail-apres-vacances-eviter-epuisement-quebec\/#listItem","position":3,"name":"Retour au travail apr\u00e8s les vacances : \u00e9viter l&#8217;\u00e9puisement","previousItem":{"@type":"ListItem","@id":"https:\/\/cliniqueomicron.ca\/en\/category\/faq-mythes-sante\/#listItem","name":"FAQs patient &amp; mythes sant\u00e9"}}]},{"@type":"Person","@id":"https:\/\/cliniqueomicron.ca\/en\/author\/genevieve-dostie\/#author","url":"https:\/\/cliniqueomicron.ca\/en\/author\/genevieve-dostie\/","name":"Genevi\u00e8ve Dostie","image":{"@type":"ImageObject","@id":"https:\/\/cliniqueomicron.ca\/en\/blogue-retour-au-travail-apres-vacances-eviter-epuisement-quebec\/#authorImage","url":"https:\/\/secure.gravatar.com\/avatar\/44b79b58d2318c1144ca1ee03f088070daafb21cd70d44772f74d8280b5047d2?s=96&d=mm&r=g","width":96,"height":96,"caption":"Genevi\u00e8ve Dostie"}},{"@type":"WebPage","@id":"https:\/\/cliniqueomicron.ca\/en\/blogue-retour-au-travail-apres-vacances-eviter-epuisement-quebec\/#webpage","url":"https:\/\/cliniqueomicron.ca\/en\/blogue-retour-au-travail-apres-vacances-eviter-epuisement-quebec\/","name":"Retour au travail apr\u00e8s les vacances : \u00e9viter l\u2019\u00e9puisement - Clinique Omicron","description":"Apr\u00e8s quelques semaines de cong\u00e9 estival, reprendre le collier peut se r\u00e9v\u00e9ler plus difficile qu'on ne l'imagine. Le retour au travail apr\u00e8s les vacances s'accompagne souvent d'une baisse d'\u00e9nergie, d'un moral en dents de scie et d'une pile de t\u00e2ches qui semble insurmontable. C'est une r\u00e9action courante, la plupart du temps passag\u00e8re. Cet article propose","inLanguage":"en-CA","isPartOf":{"@id":"https:\/\/cliniqueomicron.ca\/en\/#website"},"breadcrumb":{"@id":"https:\/\/cliniqueomicron.ca\/en\/blogue-retour-au-travail-apres-vacances-eviter-epuisement-quebec\/#breadcrumblist"},"author":{"@id":"https:\/\/cliniqueomicron.ca\/en\/author\/genevieve-dostie\/#author"},"creator":{"@id":"https:\/\/cliniqueomicron.ca\/en\/author\/genevieve-dostie\/#author"},"image":{"@type":"ImageObject","url":"https:\/\/cliniqueomicron.ca\/wp-content\/uploads\/2026\/07\/Copie-de-Copie-de-Copie-de-Copie-de-Copie-de-Copie-de-Copie-de-Copie-de-Copie-de-Copie-de-Copie-de-Red-and-Black-Minimalist-Motivational-Quote-Facebook-Post-Banniere-de-blogue-scaled.webp","@id":"https:\/\/cliniqueomicron.ca\/en\/blogue-retour-au-travail-apres-vacances-eviter-epuisement-quebec\/#mainImage","width":1920,"height":1080},"primaryImageOfPage":{"@id":"https:\/\/cliniqueomicron.ca\/en\/blogue-retour-au-travail-apres-vacances-eviter-epuisement-quebec\/#mainImage"},"datePublished":"2026-08-31T08:33:45-04:00","dateModified":"2026-07-12T01:44:09-04:00"},{"@type":"WebSite","@id":"https:\/\/cliniqueomicron.ca\/en\/#website","url":"https:\/\/cliniqueomicron.ca\/en\/","name":"Clinique Omicron","description":"Clinique M\u00e9dicale","inLanguage":"en-CA","publisher":{"@id":"https:\/\/cliniqueomicron.ca\/en\/#organization"}}]},"og:locale":"en_US","og:site_name":"Clinique Omicron - Clinique M\u00e9dicale","og:type":"article","og:title":"Retour au travail apr\u00e8s les vacances : \u00e9viter l'\u00e9puisement","og:description":"Apr\u00e8s quelques semaines de cong\u00e9 estival, reprendre le collier peut se r\u00e9v\u00e9ler plus difficile qu'on ne l'imagine. Le retour au travail apr\u00e8s les vacances s'accompagne souvent d'une baisse d'\u00e9nergie, d'un...","og:url":"https:\/\/cliniqueomicron.ca\/en\/blogue-retour-au-travail-apres-vacances-eviter-epuisement-quebec\/","og:image":"https:\/\/cliniqueomicron.ca\/wp-content\/uploads\/2026\/07\/Copie-de-Copie-de-Copie-de-Copie-de-Copie-de-Copie-de-Copie-de-Copie-de-Copie-de-Copie-de-Copie-de-Red-and-Black-Minimalist-Motivational-Quote-Facebook-Post-Banniere-de-blogue-scaled.webp","og:image:secure_url":"https:\/\/cliniqueomicron.ca\/wp-content\/uploads\/2026\/07\/Copie-de-Copie-de-Copie-de-Copie-de-Copie-de-Copie-de-Copie-de-Copie-de-Copie-de-Copie-de-Copie-de-Red-and-Black-Minimalist-Motivational-Quote-Facebook-Post-Banniere-de-blogue-scaled.webp","article:published_time":"2026-08-31T12:33:45+00:00","article:modified_time":"2026-07-12T05:44:09+00:00","article:publisher":"https:\/\/www.facebook.com\/cliniqueomicron","twitter:card":"summary_large_image","twitter:site":"@CliniqueOmicron","twitter:title":"Retour au travail apr\u00e8s les vacances : \u00e9viter l'\u00e9puisement","twitter:description":"Apr\u00e8s quelques semaines de cong\u00e9 estival, reprendre le collier peut se r\u00e9v\u00e9ler plus difficile qu'on ne l'imagine. Le retour au travail apr\u00e8s les vacances s'accompagne souvent d'une baisse d'\u00e9nergie, d'un...","twitter:creator":"@CliniqueOmicron","twitter:image":"https:\/\/cliniqueomicron.ca\/wp-content\/uploads\/2026\/07\/Copie-de-Copie-de-Copie-de-Copie-de-Copie-de-Copie-de-Copie-de-Copie-de-Copie-de-Copie-de-Copie-de-Red-and-Black-Minimalist-Motivational-Quote-Facebook-Post-Banniere-de-blogue-scaled.webp"},"aioseo_meta_data":{"post_id":"36702","title":null,"description":null,"keywords":null,"keyphrases":{"focus":{"keyphrase":"Post-vacances","score":64},"additional":[]},"primary_term":null,"canonical_url":null,"og_title":"Retour au travail apr\u00e8s les vacances : \u00e9viter l'\u00e9puisement","og_description":"Apr\u00e8s quelques semaines de cong\u00e9 estival, reprendre le collier peut se r\u00e9v\u00e9ler plus difficile qu'on ne l'imagine. Le retour au travail apr\u00e8s les vacances s'accompagne souvent d'une baisse d'\u00e9nergie, d'un...","og_object_type":"default","og_image_type":"custom","og_image_url":"https:\/\/cliniqueomicron.ca\/wp-content\/uploads\/2026\/07\/Copie-de-Copie-de-Copie-de-Copie-de-Copie-de-Copie-de-Copie-de-Copie-de-Copie-de-Copie-de-Copie-de-Red-and-Black-Minimalist-Motivational-Quote-Facebook-Post-Banniere-de-blogue-scaled.webp","og_image_width":"0","og_image_height":"0","og_image_custom_url":"https:\/\/cliniqueomicron.ca\/wp-content\/uploads\/2026\/07\/Copie-de-Copie-de-Copie-de-Copie-de-Copie-de-Copie-de-Copie-de-Copie-de-Copie-de-Copie-de-Copie-de-Red-and-Black-Minimalist-Motivational-Quote-Facebook-Post-Banniere-de-blogue-1024x576.webp","og_image_custom_fields":null,"og_video":"","og_custom_url":null,"og_article_section":null,"og_article_tags":null,"twitter_use_og":true,"twitter_card":"summary_large_image","twitter_image_type":"default","twitter_image_url":null,"twitter_image_custom_url":null,"twitter_image_custom_fields":null,"twitter_title":"Retour au travail apr\u00e8s les vacances : \u00e9viter l'\u00e9puisement","twitter_description":"Apr\u00e8s quelques semaines de cong\u00e9 estival, reprendre le collier peut se r\u00e9v\u00e9ler plus difficile qu'on ne l'imagine. Le retour au travail apr\u00e8s les vacances s'accompagne souvent d'une baisse d'\u00e9nergie, d'un...","schema":{"blockGraphs":[],"customGraphs":[],"default":{"data":{"Article":[],"Course":[],"Dataset":[],"FAQPage":[],"Movie":[],"Person":[],"Product":[],"ProductReview":[],"Car":[],"Recipe":[],"Service":[],"SoftwareApplication":[],"WebPage":[]},"graphName":"BlogPosting","isEnabled":true},"graphs":[]},"schema_type":"default","schema_type_options":null,"pillar_content":false,"robots_default":true,"robots_noindex":false,"robots_noarchive":false,"robots_nosnippet":false,"robots_nofollow":false,"robots_noimageindex":false,"robots_noodp":false,"robots_notranslate":false,"robots_max_snippet":"-1","robots_max_videopreview":"-1","robots_max_imagepreview":"large","priority":null,"frequency":"default","local_seo":null,"seo_analyzer_scan_date":"2026-08-31 12:48:59","breadcrumb_settings":null,"limit_modified_date":false,"reviewed_by":"0","open_ai":null,"ai":{"faqs":[],"keyPoints":[],"schemas":[],"titles":[],"descriptions":[],"socialPosts":{"email":{"subject":"","preview":"","content":""},"linkedin":[],"twitter":[],"facebook":[],"instagram":[]}},"created":"2026-07-08 07:32:36","updated":"2026-08-31 13:11:11","focus_keyword":"Post-vacances","additional_keywords":null,"truseo_locale":null},"aioseo_breadcrumb":"<div class=\"aioseo-breadcrumbs\"><span class=\"aioseo-breadcrumb\">\n\t<a href=\"https:\/\/cliniqueomicron.ca\/en\" title=\"Accueil\">Accueil<\/a>\n<\/span><span class=\"aioseo-breadcrumb-separator\">\u203a<\/span><span class=\"aioseo-breadcrumb\">\n\t<a href=\"https:\/\/cliniqueomicron.ca\/en\/category\/faq-mythes-sante\/\" title=\"FAQs patient &amp; mythes sant\u00e9\">FAQs patient &amp; mythes sant\u00e9<\/a>\n<\/span><span class=\"aioseo-breadcrumb-separator\">\u203a<\/span><span class=\"aioseo-breadcrumb\">\n\tRetour au travail apr\u00e8s les vacances : \u00e9viter l\u2019\u00e9puisement\n<\/span><\/div>","aioseo_breadcrumb_json":[{"label":"Accueil","link":"https:\/\/cliniqueomicron.ca\/en"},{"label":"FAQs patient &amp; mythes sant\u00e9","link":"https:\/\/cliniqueomicron.ca\/en\/category\/faq-mythes-sante\/"},{"label":"Retour au travail apr\u00e8s les vacances : \u00e9viter l&#8217;\u00e9puisement","link":"https:\/\/cliniqueomicron.ca\/en\/blogue-retour-au-travail-apres-vacances-eviter-epuisement-quebec\/"}],"_links":{"self":[{"href":"https:\/\/cliniqueomicron.ca\/en\/wp-json\/wp\/v2\/posts\/36702","targetHints":{"allow":["GET"]}}],"collection":[{"href":"https:\/\/cliniqueomicron.ca\/en\/wp-json\/wp\/v2\/posts"}],"about":[{"href":"https:\/\/cliniqueomicron.ca\/en\/wp-json\/wp\/v2\/types\/post"}],"author":[{"embeddable":true,"href":"https:\/\/cliniqueomicron.ca\/en\/wp-json\/wp\/v2\/users\/8"}],"replies":[{"embeddable":true,"href":"https:\/\/cliniqueomicron.ca\/en\/wp-json\/wp\/v2\/comments?post=36702"}],"version-history":[{"count":3,"href":"https:\/\/cliniqueomicron.ca\/en\/wp-json\/wp\/v2\/posts\/36702\/revisions"}],"predecessor-version":[{"id":36908,"href":"https:\/\/cliniqueomicron.ca\/en\/wp-json\/wp\/v2\/posts\/36702\/revisions\/36908"}],"wp:featuredmedia":[{"embeddable":true,"href":"https:\/\/cliniqueomicron.ca\/en\/wp-json\/wp\/v2\/media\/36909"}],"wp:attachment":[{"href":"https:\/\/cliniqueomicron.ca\/en\/wp-json\/wp\/v2\/media?parent=36702"}],"wp:term":[{"taxonomy":"category","embeddable":true,"href":"https:\/\/cliniqueomicron.ca\/en\/wp-json\/wp\/v2\/categories?post=36702"},{"taxonomy":"post_tag","embeddable":true,"href":"https:\/\/cliniqueomicron.ca\/en\/wp-json\/wp\/v2\/tags?post=36702"}],"curies":[{"name":"wp","href":"https:\/\/api.w.org\/{rel}","templated":true}]}}